{"id":9349,"date":"2019-10-23T10:04:46","date_gmt":"2019-10-23T08:04:46","guid":{"rendered":"https:\/\/swiss-soroptimist.ch\/2019\/10\/23\/si-club-glarnerland-spezieller-kindernachmittag-im-anna-goeldi-museum\/"},"modified":"2019-10-23T10:36:58","modified_gmt":"2019-10-23T08:36:58","slug":"si-club-glarnerland-spezieller-kindernachmittag-im-anna-goeldi-museum","status":"publish","type":"post","link":"https:\/\/swiss-soroptimist.ch\/fr\/si-club-glarnerland-spezieller-kindernachmittag-im-anna-goeldi-museum\/","title":{"rendered":"SI Club Glarnerland: Spezieller Kindernachmittag im Anna G\u00f6ldi Museum"},"content":{"rendered":"<p><div class=\"fusion-fullwidth fullwidth-box fusion-builder-row-1 nonhundred-percent-fullwidth non-hundred-percent-height-scrolling\" style=\"--awb-background-position:left top;--awb-border-radius-top-left:0px;--awb-border-radius-top-right:0px;--awb-border-radius-bottom-right:0px;--awb-border-radius-bottom-left:0px;--awb-padding-top:20px;--awb-padding-bottom:20px;--awb-border-sizes-top:0px;--awb-border-sizes-bottom:0px;--awb-flex-wrap:wrap;\" ><div class=\"fusion-builder-row fusion-row\"><div class=\"fusion-layout-column fusion_builder_column fusion-builder-column-0 fusion_builder_column_1_1 1_1 fusion-one-full fusion-column-first fusion-column-last fusion-column-no-min-height\" style=\"--awb-bg-size:cover;--awb-margin-bottom:0px;\"><div class=\"fusion-column-wrapper fusion-flex-column-wrapper-legacy\"><div class=\"fusion-image-carousel fusion-image-carousel-auto fusion-image-carousel-1\"><div class=\"awb-carousel awb-swiper awb-swiper-carousel awb-carousel--carousel awb-swiper-dots-position-bottom\" data-layout=\"carousel\" data-autoplay=\"yes\" data-autoplayspeed=\"5500\" data-autoplaypause=\"no\" data-columns=\"1\" data-columnsmedium=\"1\" data-columnssmall=\"1\" data-itemmargin=\"13\" data-itemwidth=\"180\" data-touchscroll=\"drag\" data-freemode=\"no\" data-imagesize=\"auto\" data-scrollitems=\"0\" data-centeredslides=\"no\" data-rotationangle=\"50\" data-depth=\"100\" data-speed=\"500\" data-shadow=\"no\" data-pagination=\"bullets\" style=\"--awb-columns:1;\"><div class=\"swiper-wrapper awb-image-carousel-wrapper fusion-flex-align-items-center\"><div class=\"swiper-slide\"><div class=\"fusion-carousel-item-wrapper\"><div class=\"fusion-image-wrapper hover-type-none\"><img decoding=\"async\" width=\"1100\" height=\"550\" src=\"https:\/\/swiss-soroptimist.ch\/wp-content\/uploads\/2019\/10\/Glarnerland-gross-WEB.jpg\" class=\"attachment-full size-full\" alt=\"\" srcset=\"https:\/\/swiss-soroptimist.ch\/wp-content\/uploads\/2019\/10\/Glarnerland-gross-WEB-200x100.jpg 200w, https:\/\/swiss-soroptimist.ch\/wp-content\/uploads\/2019\/10\/Glarnerland-gross-WEB-300x150.jpg 300w, https:\/\/swiss-soroptimist.ch\/wp-content\/uploads\/2019\/10\/Glarnerland-gross-WEB-400x200.jpg 400w, https:\/\/swiss-soroptimist.ch\/wp-content\/uploads\/2019\/10\/Glarnerland-gross-WEB-500x250.jpg 500w, https:\/\/swiss-soroptimist.ch\/wp-content\/uploads\/2019\/10\/Glarnerland-gross-WEB-600x300.jpg 600w, https:\/\/swiss-soroptimist.ch\/wp-content\/uploads\/2019\/10\/Glarnerland-gross-WEB-768x384.jpg 768w, https:\/\/swiss-soroptimist.ch\/wp-content\/uploads\/2019\/10\/Glarnerland-gross-WEB-800x400.jpg 800w, https:\/\/swiss-soroptimist.ch\/wp-content\/uploads\/2019\/10\/Glarnerland-gross-WEB-1024x512.jpg 1024w, https:\/\/swiss-soroptimist.ch\/wp-content\/uploads\/2019\/10\/Glarnerland-gross-WEB.jpg 1100w\" sizes=\"(max-width: 1100px) 100vw, 1100px\" \/><\/div><\/div><\/div><\/div><div class=\"awb-swiper-button awb-swiper-button-prev\"><i class=\"awb-icon-angle-left\" aria-hidden=\"true\"><\/i><\/div><div class=\"awb-swiper-button awb-swiper-button-next\"><i class=\"awb-icon-angle-right\" aria-hidden=\"true\"><\/i><\/div><\/div><\/div><div class=\"fusion-clearfix\"><\/div><\/div><\/div><\/div><\/div><div class=\"fusion-fullwidth fullwidth-box fusion-builder-row-2 hundred-percent-fullwidth non-hundred-percent-height-scrolling\" style=\"--awb-border-radius-top-left:0px;--awb-border-radius-top-right:0px;--awb-border-radius-bottom-right:0px;--awb-border-radius-bottom-left:0px;--awb-overflow:visible;--awb-flex-wrap:wrap;\" ><div class=\"fusion-builder-row fusion-row\"><div class=\"fusion-layout-column fusion_builder_column fusion-builder-column-1 fusion_builder_column_1_4 1_4 fusion-one-fourth fusion-column-first\" style=\"--awb-bg-size:cover;width:22%; margin-right: 4%;\"><div class=\"fusion-column-wrapper fusion-flex-column-wrapper-legacy\"><div class=\"fusion-button-wrapper\"><a class=\"fusion-button button-flat fusion-button-default-size button-default fusion-button-default button-1 fusion-button-default-span fusion-button-default-type\" target=\"_self\" href=\"https:\/\/swiss-soroptimist.ch\/fr\/aktivitaeten-der-clubs\/\"><span class=\"fusion-button-text awb-button__text awb-button__text--default\">&lt; Retour<\/span><\/a><\/div><div class=\"fusion-clearfix\"><\/div><\/div><\/div><div class=\"fusion-layout-column fusion_builder_column fusion-builder-column-2 fusion_builder_column_3_4 3_4 fusion-three-fourth fusion-column-last\" style=\"--awb-bg-size:cover;width:74%;\"><div class=\"fusion-column-wrapper fusion-flex-column-wrapper-legacy\"><div class=\"fusion-text fusion-text-1\"><p>SI Club Glarnerland<\/p>\n<p><strong>Insieme, der Verein Cerebral und das Anna G\u00f6ldi Museum gestalteten zusammen mit den Mitgliedern des Clubs Glarnerland einen Erlebnisnachmittag f\u00fcr Kinder mit besonderen Bed\u00fcrfnissen.<\/strong><\/p>\n<p>Mitte Oktober lud der SI Club Glarnerland mit dem Verein Insieme Cerebral einige Kinder ins Anna G\u00f6ldi Museum, um einen gemeinsamen Nachmittag zu verbringen. Dies ist ein besonderer Ort im H\u00e4nggi Turm in Ennenda, in dem fr\u00fcher Stoffbahnen zum Trocknen aufgeh\u00e4ngt wurden.<\/p>\n<p>Die Kinder waren frei in ihrer Entscheidung, wie sie ihre Zeit verbringen. Manche staunten \u00fcber den sch\u00f6nen Ort, andere machten Musik oder h\u00f6rten gespannt einer Geschichte zu. Die meisten jedoch liessen sich verlocken, selbst Stoffe zu bemalen und zu bedrucken, ganz in guter alter Glarner Tradition. Hilfe erhielten sie dabei von Frauen von Soroptimist Glarnerland und es war erstaunlich, was f\u00fcr bunte und kreative Stoffbilder entstanden.<\/p>\n<p>Ursula Helg vom Anna G\u00f6ldi Museum zeigte sich hoch erfreut \u00fcber den bunten Anlass und auch Simone Weber, Verantwortliche f\u00fcr Kinderaktivit\u00e4ten im Verein Celebral und Valeria Zubler, Pr\u00e4sidentin der Soroptimistinnen Glarnerland, genossen die besondere Stimmung im H\u00e4nggi Turm.<\/p>\n<p>Bei einem gemeinsamen z\u00b4Vieri konnte man sich dann noch mehr beschnuppern und am Ende waren die jungen K\u00fcnstler sichtlich stolz \u00fcber ihre besonderen Werke.<\/p>\n<\/div><div class=\"fusion-clearfix\"><\/div><\/div><\/div><\/div><\/div><\/p>\n","protected":false},"excerpt":{"rendered":"","protected":false},"author":188,"featured_media":9339,"comment_status":"open","ping_status":"closed","sticky":false,"template":"","format":"standard","meta":{"footnotes":""},"categories":[65],"tags":[],"class_list":["post-9349","post","type-post","status-publish","format-standard","has-post-thumbnail","hentry","category-berichte-clubs-2019-fr"],"_links":{"self":[{"href":"https:\/\/swiss-soroptimist.ch\/fr\/wp-json\/wp\/v2\/posts\/9349","targetHints":{"allow":["GET"]}}],"collection":[{"href":"https:\/\/swiss-soroptimist.ch\/fr\/wp-json\/wp\/v2\/posts"}],"about":[{"href":"https:\/\/swiss-soroptimist.ch\/fr\/wp-json\/wp\/v2\/types\/post"}],"author":[{"embeddable":true,"href":"https:\/\/swiss-soroptimist.ch\/fr\/wp-json\/wp\/v2\/users\/188"}],"replies":[{"embeddable":true,"href":"https:\/\/swiss-soroptimist.ch\/fr\/wp-json\/wp\/v2\/comments?post=9349"}],"version-history":[{"count":1,"href":"https:\/\/swiss-soroptimist.ch\/fr\/wp-json\/wp\/v2\/posts\/9349\/revisions"}],"predecessor-version":[{"id":9350,"href":"https:\/\/swiss-soroptimist.ch\/fr\/wp-json\/wp\/v2\/posts\/9349\/revisions\/9350"}],"wp:featuredmedia":[{"embeddable":true,"href":"https:\/\/swiss-soroptimist.ch\/fr\/wp-json\/wp\/v2\/media\/9339"}],"wp:attachment":[{"href":"https:\/\/swiss-soroptimist.ch\/fr\/wp-json\/wp\/v2\/media?parent=9349"}],"wp:term":[{"taxonomy":"category","embeddable":true,"href":"https:\/\/swiss-soroptimist.ch\/fr\/wp-json\/wp\/v2\/categories?post=9349"},{"taxonomy":"post_tag","embeddable":true,"href":"https:\/\/swiss-soroptimist.ch\/fr\/wp-json\/wp\/v2\/tags?post=9349"}],"curies":[{"name":"wp","href":"https:\/\/api.w.org\/{rel}","templated":true}]}}