{"id":611,"date":"2015-12-14T07:27:33","date_gmt":"2015-12-14T06:27:33","guid":{"rendered":"https:\/\/swiss-soroptimist.ch\/fr\/?p=611"},"modified":"2023-04-13T21:50:33","modified_gmt":"2023-04-13T19:50:33","slug":"soroptimist-international-club-lavaux-se-presente-a-la-fete-des-vendanges","status":"publish","type":"post","link":"https:\/\/swiss-soroptimist.ch\/fr\/soroptimist-international-club-lavaux-se-presente-a-la-fete-des-vendanges\/","title":{"rendered":"Soroptimist International Club Lavaux se pr\u00e9sente \u00e0 la F\u00eate des Vendanges"},"content":{"rendered":"<p><div class=\"fusion-fullwidth fullwidth-box fusion-builder-row-1 nonhundred-percent-fullwidth non-hundred-percent-height-scrolling\" style=\"--awb-background-position:left top;--awb-border-sizes-top:0px;--awb-border-sizes-bottom:0px;--awb-border-sizes-left:0px;--awb-border-sizes-right:0px;--awb-border-radius-top-left:0px;--awb-border-radius-top-right:0px;--awb-border-radius-bottom-right:0px;--awb-border-radius-bottom-left:0px;--awb-padding-top:20px;--awb-padding-bottom:20px;--awb-flex-wrap:wrap;\" ><div class=\"fusion-builder-row fusion-row\"><div class=\"fusion-layout-column fusion_builder_column fusion-builder-column-0 fusion_builder_column_1_1 1_1 fusion-one-full fusion-column-first fusion-column-last fusion-column-no-min-height\" style=\"--awb-bg-size:cover;--awb-margin-bottom:0px;\"><div class=\"fusion-column-wrapper fusion-flex-column-wrapper-legacy\"><div class=\"fusion-image-carousel fusion-image-carousel-auto fusion-image-carousel-1\"><div class=\"awb-carousel awb-swiper awb-swiper-carousel awb-carousel--carousel awb-swiper-dots-position-bottom\" data-layout=\"carousel\" data-autoplay=\"yes\" data-autoplayspeed=\"5500\" data-autoplaypause=\"no\" data-columns=\"1\" data-columnsmedium=\"1\" data-columnssmall=\"1\" data-itemmargin=\"13\" data-itemwidth=\"180\" data-touchscroll=\"drag\" data-freemode=\"no\" data-imagesize=\"auto\" data-scrollitems=\"0\" data-centeredslides=\"no\" data-rotationangle=\"50\" data-depth=\"100\" data-speed=\"500\" data-shadow=\"no\" data-pagination=\"bullets\" style=\"--awb-columns:1;\"><div class=\"swiper-wrapper awb-image-carousel-wrapper fusion-flex-align-items-center\"><div class=\"swiper-slide\"><div class=\"fusion-carousel-item-wrapper\"><div class=\"fusion-image-wrapper hover-type-none\"><img decoding=\"async\" width=\"1100\" height=\"550\" src=\"https:\/\/swiss-soroptimist.ch\/wp-content\/uploads\/2015\/12\/lavaux-2.jpg\" class=\"attachment-full size-full\" alt=\"\" srcset=\"https:\/\/swiss-soroptimist.ch\/wp-content\/uploads\/2015\/12\/lavaux-2-300x150.jpg 300w, https:\/\/swiss-soroptimist.ch\/wp-content\/uploads\/2015\/12\/lavaux-2-500x250.jpg 500w, https:\/\/swiss-soroptimist.ch\/wp-content\/uploads\/2015\/12\/lavaux-2-1024x512.jpg 1024w, https:\/\/swiss-soroptimist.ch\/wp-content\/uploads\/2015\/12\/lavaux-2.jpg 1100w\" sizes=\"(max-width: 1100px) 100vw, 1100px\" \/><\/div><\/div><\/div><\/div><div class=\"awb-swiper-button awb-swiper-button-prev\"><i class=\"awb-icon-angle-left\" aria-hidden=\"true\"><\/i><\/div><div class=\"awb-swiper-button awb-swiper-button-next\"><i class=\"awb-icon-angle-right\" aria-hidden=\"true\"><\/i><\/div><\/div><\/div><div class=\"fusion-clearfix\"><\/div><\/div><\/div><\/div><\/div><div class=\"fusion-fullwidth fullwidth-box fusion-builder-row-2 hundred-percent-fullwidth non-hundred-percent-height-scrolling\" style=\"--awb-border-radius-top-left:0px;--awb-border-radius-top-right:0px;--awb-border-radius-bottom-right:0px;--awb-border-radius-bottom-left:0px;--awb-overflow:visible;--awb-flex-wrap:wrap;\" ><div class=\"fusion-builder-row fusion-row\"><div class=\"fusion-layout-column fusion_builder_column fusion-builder-column-1 fusion_builder_column_1_1 1_1 fusion-one-full fusion-column-first fusion-column-last\" style=\"--awb-bg-size:cover;\"><div class=\"fusion-column-wrapper fusion-flex-column-wrapper-legacy\"><div class=\"fusion-text fusion-text-1\"><h4><strong>F\u00eate des vendanges \u00e0 Lutry<\/strong><\/h4>\n<p>Par une belle journ\u00e9e automnale, s\u2019est d\u00e9roul\u00e9e \u00e0 la fin de septembre, la traditionnelle F\u00eate des Vendanges, dont le b\u00e9n\u00e9fice int\u00e9gral, depuis 1946, est destin\u00e9 \u00e0 l\u2019Association des Colonies de Vacances de Lutry. Cet apport financier permet ainsi d\u2019organiser, pour tous les enfants de Lutry, des camps \u00e0 prix raisonnable, ou des s\u00e9jours en colonie de vacances, dans un grand chalet leur appartenant au Col des Mosses, dans les Pr\u00e9alpes vaudoises.<\/p>\n<p>Fid\u00e8le \u00e0 cette manifestation depuis une bonne vingtaine d\u2019ann\u00e9es, le Club de Lavaux a tenu un stand de sp\u00e9cialit\u00e9s gourmandes, dans la rue pietonne du c\u0153ur du vieux bourg. La fra\u00eecheur des premi\u00e8res heures de la matin\u00e9e a attir\u00e9 les amateurs de croissants au jambon et ramequins au fromage bien chauds, confectionn\u00e9s \u00e0 la cuisine de l\u2019\u00e9cole par une \u00e9quipe dynamique et enthousiaste, tandis que sur le stand, nos vendeuses pr\u00e9sentaient saucissons en cro\u00fbte, cakes, biscuits, g\u00e2teaux et confitures maison concoct\u00e9s par nos membres.<\/p>\n<p>En fin de matin\u00e9e, tout ce qui avait \u00e9t\u00e9 \u00e9labor\u00e9 et pr\u00e9par\u00e9, avec g\u00e9n\u00e9rosit\u00e9, c\u0153ur et talent, a \u00e9t\u00e9 vendu. La r\u00e9ussite de cette manifestation \u00e9tait donc totale et c\u2019est avec satisfaction que nous avons pu remettre l\u2019entier de notre b\u00e9n\u00e9fice, soit la jolie somme de 1&rsquo;200.- Frs aux responsables des colonies de vacances.<\/p>\n<p>D\u2019ores et d\u00e9j\u00e0, rendez-vous est pris pour l\u2019ann\u00e9e prochaine \u00e0 la F\u00eate des Vendanges 2016\u00a0!<\/p>\n<p>ChA.<\/p>\n<\/div><div class=\"fusion-clearfix\"><\/div><\/div><\/div><\/div><\/div><\/p>\n","protected":false},"excerpt":{"rendered":"","protected":false},"author":2,"featured_media":7490,"comment_status":"open","ping_status":"closed","sticky":false,"template":"","format":"standard","meta":{"footnotes":""},"categories":[16],"tags":[],"class_list":["post-611","post","type-post","status-publish","format-standard","has-post-thumbnail","hentry","category-rapports-des-clubs-2015-fr"],"_links":{"self":[{"href":"https:\/\/swiss-soroptimist.ch\/fr\/wp-json\/wp\/v2\/posts\/611","targetHints":{"allow":["GET"]}}],"collection":[{"href":"https:\/\/swiss-soroptimist.ch\/fr\/wp-json\/wp\/v2\/posts"}],"about":[{"href":"https:\/\/swiss-soroptimist.ch\/fr\/wp-json\/wp\/v2\/types\/post"}],"author":[{"embeddable":true,"href":"https:\/\/swiss-soroptimist.ch\/fr\/wp-json\/wp\/v2\/users\/2"}],"replies":[{"embeddable":true,"href":"https:\/\/swiss-soroptimist.ch\/fr\/wp-json\/wp\/v2\/comments?post=611"}],"version-history":[{"count":4,"href":"https:\/\/swiss-soroptimist.ch\/fr\/wp-json\/wp\/v2\/posts\/611\/revisions"}],"predecessor-version":[{"id":19314,"href":"https:\/\/swiss-soroptimist.ch\/fr\/wp-json\/wp\/v2\/posts\/611\/revisions\/19314"}],"wp:featuredmedia":[{"embeddable":true,"href":"https:\/\/swiss-soroptimist.ch\/fr\/wp-json\/wp\/v2\/media\/7490"}],"wp:attachment":[{"href":"https:\/\/swiss-soroptimist.ch\/fr\/wp-json\/wp\/v2\/media?parent=611"}],"wp:term":[{"taxonomy":"category","embeddable":true,"href":"https:\/\/swiss-soroptimist.ch\/fr\/wp-json\/wp\/v2\/categories?post=611"},{"taxonomy":"post_tag","embeddable":true,"href":"https:\/\/swiss-soroptimist.ch\/fr\/wp-json\/wp\/v2\/tags?post=611"}],"curies":[{"name":"wp","href":"https:\/\/api.w.org\/{rel}","templated":true}]}}