{"id":5748,"date":"2018-06-03T21:03:32","date_gmt":"2018-06-03T19:03:32","guid":{"rendered":"https:\/\/swiss-soroptimist.ch\/2018\/06\/03\/5742\/"},"modified":"2018-06-03T21:06:16","modified_gmt":"2018-06-03T19:06:16","slug":"5742","status":"publish","type":"post","link":"https:\/\/swiss-soroptimist.ch\/fr\/5742\/","title":{"rendered":"20\u00e8mes \u200bJourn\u00e9es d&rsquo;expression fran\u00e7aises au Luxembourg"},"content":{"rendered":"<p><div class=\"fusion-fullwidth fullwidth-box fusion-builder-row-1 nonhundred-percent-fullwidth non-hundred-percent-height-scrolling\" style=\"--awb-background-position:left top;--awb-border-radius-top-left:0px;--awb-border-radius-top-right:0px;--awb-border-radius-bottom-right:0px;--awb-border-radius-bottom-left:0px;--awb-padding-top:20px;--awb-padding-bottom:20px;--awb-border-sizes-top:0px;--awb-border-sizes-bottom:0px;--awb-flex-wrap:wrap;\" ><div class=\"fusion-builder-row fusion-row\"><div class=\"fusion-layout-column fusion_builder_column fusion-builder-column-0 fusion_builder_column_1_1 1_1 fusion-one-full fusion-column-first fusion-column-last fusion-column-no-min-height\" style=\"--awb-bg-size:cover;--awb-margin-bottom:0px;\"><div class=\"fusion-column-wrapper fusion-flex-column-wrapper-legacy\"><div class=\"fusion-image-carousel fusion-image-carousel-auto fusion-image-carousel-1\"><div class=\"awb-carousel awb-swiper awb-swiper-carousel awb-carousel--carousel awb-swiper-dots-position-bottom\" data-layout=\"carousel\" data-autoplay=\"yes\" data-autoplayspeed=\"5500\" data-autoplaypause=\"no\" data-columns=\"1\" data-columnsmedium=\"1\" data-columnssmall=\"1\" data-itemmargin=\"13\" data-itemwidth=\"180\" data-touchscroll=\"drag\" data-freemode=\"no\" data-imagesize=\"auto\" data-scrollitems=\"0\" data-centeredslides=\"no\" data-rotationangle=\"50\" data-depth=\"100\" data-speed=\"500\" data-shadow=\"no\" data-pagination=\"bullets\" style=\"--awb-columns:1;\"><div class=\"swiper-wrapper awb-image-carousel-wrapper fusion-flex-align-items-center\"><div class=\"swiper-slide\"><div class=\"fusion-carousel-item-wrapper\"><div class=\"fusion-image-wrapper hover-type-none\"><img decoding=\"async\" width=\"1100\" height=\"550\" src=\"https:\/\/swiss-soroptimist.ch\/wp-content\/uploads\/2018\/06\/Expression-Francaise.jpg\" class=\"attachment-full size-full\" alt=\"\" srcset=\"https:\/\/swiss-soroptimist.ch\/wp-content\/uploads\/2018\/06\/Expression-Francaise-200x100.jpg 200w, https:\/\/swiss-soroptimist.ch\/wp-content\/uploads\/2018\/06\/Expression-Francaise-300x150.jpg 300w, https:\/\/swiss-soroptimist.ch\/wp-content\/uploads\/2018\/06\/Expression-Francaise-400x200.jpg 400w, https:\/\/swiss-soroptimist.ch\/wp-content\/uploads\/2018\/06\/Expression-Francaise-500x250.jpg 500w, https:\/\/swiss-soroptimist.ch\/wp-content\/uploads\/2018\/06\/Expression-Francaise-600x300.jpg 600w, https:\/\/swiss-soroptimist.ch\/wp-content\/uploads\/2018\/06\/Expression-Francaise-768x384.jpg 768w, https:\/\/swiss-soroptimist.ch\/wp-content\/uploads\/2018\/06\/Expression-Francaise-800x400.jpg 800w, https:\/\/swiss-soroptimist.ch\/wp-content\/uploads\/2018\/06\/Expression-Francaise-1024x512.jpg 1024w, https:\/\/swiss-soroptimist.ch\/wp-content\/uploads\/2018\/06\/Expression-Francaise.jpg 1100w\" sizes=\"(max-width: 1100px) 100vw, 1100px\" \/><\/div><\/div><\/div><\/div><div class=\"awb-swiper-button awb-swiper-button-prev\"><i class=\"awb-icon-angle-left\" aria-hidden=\"true\"><\/i><\/div><div class=\"awb-swiper-button awb-swiper-button-next\"><i class=\"awb-icon-angle-right\" aria-hidden=\"true\"><\/i><\/div><\/div><\/div><div class=\"fusion-clearfix\"><\/div><\/div><\/div><\/div><\/div><div class=\"fusion-fullwidth fullwidth-box fusion-builder-row-2 hundred-percent-fullwidth non-hundred-percent-height-scrolling\" style=\"--awb-border-radius-top-left:0px;--awb-border-radius-top-right:0px;--awb-border-radius-bottom-right:0px;--awb-border-radius-bottom-left:0px;--awb-overflow:visible;--awb-flex-wrap:wrap;\" ><div class=\"fusion-builder-row fusion-row\"><div class=\"fusion-layout-column fusion_builder_column fusion-builder-column-1 fusion_builder_column_1_4 1_4 fusion-one-fourth fusion-column-first\" style=\"--awb-bg-size:cover;width:22%; margin-right: 4%;\"><div class=\"fusion-column-wrapper fusion-flex-column-wrapper-legacy\"><div class=\"fusion-text fusion-text-1\"><h4><a href=\"https:\/\/swiss-soroptimist.ch\/fr\/aktuelles\/\">&lt; Retour<\/a><\/h4>\n<\/div><div class=\"fusion-clearfix\"><\/div><\/div><\/div><div class=\"fusion-layout-column fusion_builder_column fusion-builder-column-2 fusion_builder_column_3_4 3_4 fusion-three-fourth fusion-column-last\" style=\"--awb-bg-size:cover;width:74%;\"><div class=\"fusion-column-wrapper fusion-flex-column-wrapper-legacy\"><div class=\"fusion-text fusion-text-2\"><h4><strong>20\u00e8mes \u200bJourn\u00e9es d&rsquo;expression fran\u00e7aises au Luxembourg<\/strong><\/h4>\n<p>\u200b17 Soroptimistes suisses se sont d\u00e9plac\u00e9es au Luxembourg \u00e0 l&rsquo;occasion des 20\u00e8mes Journ\u00e9es d&rsquo;Expression fran\u00e7aise qui se sont d\u00e9roul\u00e9es du 27 au 29 avril 2018. \u200bSept membres du club de Mendrisiotto ont particip\u00e9 \u00e0 cette manifestation !<\/p>\n<p>\u200bLes Soroptimistes luxembourgeoises avaient choisi un sujet d&rsquo;actualit\u00e9 avec \u00ab\u00a0Le fran\u00e7ais, et les langues en g\u00e9n\u00e9ral, \u00e0 l&rsquo;\u00e8re digitale\u00a0\u00bb.\u200b<br \/>\nDes conf\u00e9renciers de haut niveau international ont d\u00e9velopp\u00e9 cette th\u00e9matique sous des angles tr\u00e8s diff\u00e9rents que ce soit de l&rsquo;importance des biblioth\u00e8ques classiques face aux outils digitaux, ou des nouvelles technologies d&rsquo;apprentissage. De jeunes \u00e9tudiants se sont exprim\u00e9s sur le th\u00e8me de la communication moderne. Un robot d\u00e9velopp\u00e9 \u00e0 l&rsquo;Uni de Luxembourg pour interagir avec les enfants autistes a aussi \u00e9t\u00e9 pr\u00e9sent\u00e9 \u00e0 l&rsquo;assembl\u00e9e.<\/p>\n<p>Lors de la partie r\u00e9cr\u00e9ative, certaines d&rsquo;entre nous ont pu d\u00e9couvrir la charmante ville de Luxembourg, class\u00e9e patrimoine mondial de l&rsquo;UNESCO, pendant que les autres visitaient le Mus\u00e9e d&rsquo;Art Moderne Grand-Duc Jean, le MUDAM.<\/p>\n<p>L&rsquo;atmosph\u00e8re amicale et la rencontre avec des Soroptimistes des diff\u00e9rents pays francophones nous ont permis de passer trois jours passionnants et enrichissants.<\/p>\n<\/div><div class=\"fusion-clearfix\"><\/div><\/div><\/div><\/div><\/div><\/p>\n","protected":false},"excerpt":{"rendered":"","protected":false},"author":2,"featured_media":0,"comment_status":"open","ping_status":"closed","sticky":false,"template":"","format":"standard","meta":{"footnotes":""},"categories":[40,7],"tags":[],"class_list":["post-5748","post","type-post","status-publish","format-standard","hentry","category-aktuelles-aus-der-union-2018-fr","category-non-classifiee"],"_links":{"self":[{"href":"https:\/\/swiss-soroptimist.ch\/fr\/wp-json\/wp\/v2\/posts\/5748","targetHints":{"allow":["GET"]}}],"collection":[{"href":"https:\/\/swiss-soroptimist.ch\/fr\/wp-json\/wp\/v2\/posts"}],"about":[{"href":"https:\/\/swiss-soroptimist.ch\/fr\/wp-json\/wp\/v2\/types\/post"}],"author":[{"embeddable":true,"href":"https:\/\/swiss-soroptimist.ch\/fr\/wp-json\/wp\/v2\/users\/2"}],"replies":[{"embeddable":true,"href":"https:\/\/swiss-soroptimist.ch\/fr\/wp-json\/wp\/v2\/comments?post=5748"}],"version-history":[{"count":1,"href":"https:\/\/swiss-soroptimist.ch\/fr\/wp-json\/wp\/v2\/posts\/5748\/revisions"}],"predecessor-version":[{"id":5749,"href":"https:\/\/swiss-soroptimist.ch\/fr\/wp-json\/wp\/v2\/posts\/5748\/revisions\/5749"}],"wp:attachment":[{"href":"https:\/\/swiss-soroptimist.ch\/fr\/wp-json\/wp\/v2\/media?parent=5748"}],"wp:term":[{"taxonomy":"category","embeddable":true,"href":"https:\/\/swiss-soroptimist.ch\/fr\/wp-json\/wp\/v2\/categories?post=5748"},{"taxonomy":"post_tag","embeddable":true,"href":"https:\/\/swiss-soroptimist.ch\/fr\/wp-json\/wp\/v2\/tags?post=5748"}],"curies":[{"name":"wp","href":"https:\/\/api.w.org\/{rel}","templated":true}]}}