{"id":5228,"date":"2018-03-18T22:01:20","date_gmt":"2018-03-18T21:01:20","guid":{"rendered":"https:\/\/swiss-soroptimist.ch\/2018\/03\/18\/si-club-davos-praettigau-engiadina-und-chur-gemeinsamer-festivalbesuch\/"},"modified":"2023-04-03T23:19:09","modified_gmt":"2023-04-03T21:19:09","slug":"si-club-davos-praettigau-engiadina-und-chur-gemeinsamer-festivalbesuch","status":"publish","type":"post","link":"https:\/\/swiss-soroptimist.ch\/fr\/si-club-davos-praettigau-engiadina-und-chur-gemeinsamer-festivalbesuch\/","title":{"rendered":"SI Club Davos Pr\u00e4ttigau, Engiadina und Chur:  Gemeinsamer Festivalbesuch"},"content":{"rendered":"<p><div class=\"fusion-fullwidth fullwidth-box fusion-builder-row-1 nonhundred-percent-fullwidth non-hundred-percent-height-scrolling\" style=\"--awb-background-position:left top;--awb-border-sizes-top:0px;--awb-border-sizes-bottom:0px;--awb-border-sizes-left:0px;--awb-border-sizes-right:0px;--awb-border-radius-top-left:0px;--awb-border-radius-top-right:0px;--awb-border-radius-bottom-right:0px;--awb-border-radius-bottom-left:0px;--awb-padding-top:20px;--awb-padding-bottom:20px;--awb-flex-wrap:wrap;\" ><div class=\"fusion-builder-row fusion-row\"><div class=\"fusion-layout-column fusion_builder_column fusion-builder-column-0 fusion_builder_column_1_1 1_1 fusion-one-full fusion-column-first fusion-column-last fusion-column-no-min-height\" style=\"--awb-bg-size:cover;--awb-margin-bottom:0px;\"><div class=\"fusion-column-wrapper fusion-flex-column-wrapper-legacy\"><div class=\"fusion-image-carousel fusion-image-carousel-auto fusion-image-carousel-1\"><div class=\"awb-carousel awb-swiper awb-swiper-carousel awb-carousel--carousel awb-swiper-dots-position-bottom\" data-layout=\"carousel\" data-autoplay=\"yes\" data-autoplayspeed=\"5500\" data-autoplaypause=\"no\" data-columns=\"1\" data-columnsmedium=\"1\" data-columnssmall=\"1\" data-itemmargin=\"13\" data-itemwidth=\"180\" data-touchscroll=\"drag\" data-freemode=\"no\" data-imagesize=\"auto\" data-scrollitems=\"0\" data-centeredslides=\"no\" data-rotationangle=\"50\" data-depth=\"100\" data-speed=\"500\" data-shadow=\"no\" data-pagination=\"bullets\" style=\"--awb-columns:1;\"><div class=\"swiper-wrapper awb-image-carousel-wrapper fusion-flex-align-items-center\"><div class=\"swiper-slide\"><div class=\"fusion-carousel-item-wrapper\"><div class=\"fusion-image-wrapper hover-type-none\"><img decoding=\"async\" width=\"1100\" height=\"550\" src=\"https:\/\/swiss-soroptimist.ch\/wp-content\/uploads\/2018\/03\/SI-Davos-Praettigau.jpg\" class=\"attachment-full size-full\" alt=\"\" srcset=\"https:\/\/swiss-soroptimist.ch\/wp-content\/uploads\/2018\/03\/SI-Davos-Praettigau-200x100.jpg 200w, https:\/\/swiss-soroptimist.ch\/wp-content\/uploads\/2018\/03\/SI-Davos-Praettigau-300x150.jpg 300w, https:\/\/swiss-soroptimist.ch\/wp-content\/uploads\/2018\/03\/SI-Davos-Praettigau-400x200.jpg 400w, https:\/\/swiss-soroptimist.ch\/wp-content\/uploads\/2018\/03\/SI-Davos-Praettigau-500x250.jpg 500w, https:\/\/swiss-soroptimist.ch\/wp-content\/uploads\/2018\/03\/SI-Davos-Praettigau-600x300.jpg 600w, https:\/\/swiss-soroptimist.ch\/wp-content\/uploads\/2018\/03\/SI-Davos-Praettigau-768x384.jpg 768w, https:\/\/swiss-soroptimist.ch\/wp-content\/uploads\/2018\/03\/SI-Davos-Praettigau-800x400.jpg 800w, https:\/\/swiss-soroptimist.ch\/wp-content\/uploads\/2018\/03\/SI-Davos-Praettigau-1024x512.jpg 1024w, https:\/\/swiss-soroptimist.ch\/wp-content\/uploads\/2018\/03\/SI-Davos-Praettigau.jpg 1100w\" sizes=\"(max-width: 1100px) 100vw, 1100px\" \/><\/div><\/div><\/div><\/div><div class=\"awb-swiper-button awb-swiper-button-prev\"><i class=\"awb-icon-angle-left\" aria-hidden=\"true\"><\/i><\/div><div class=\"awb-swiper-button awb-swiper-button-next\"><i class=\"awb-icon-angle-right\" aria-hidden=\"true\"><\/i><\/div><\/div><\/div><div class=\"fusion-clearfix\"><\/div><\/div><\/div><\/div><\/div><div class=\"fusion-fullwidth fullwidth-box fusion-builder-row-2 hundred-percent-fullwidth non-hundred-percent-height-scrolling\" style=\"--awb-border-radius-top-left:0px;--awb-border-radius-top-right:0px;--awb-border-radius-bottom-right:0px;--awb-border-radius-bottom-left:0px;--awb-overflow:visible;--awb-flex-wrap:wrap;\" ><div class=\"fusion-builder-row fusion-row\"><div class=\"fusion-layout-column fusion_builder_column fusion-builder-column-1 fusion_builder_column_1_1 1_1 fusion-one-full fusion-column-first fusion-column-last\" style=\"--awb-bg-size:cover;\"><div class=\"fusion-column-wrapper fusion-flex-column-wrapper-legacy\"><div class=\"fusion-text fusion-text-1\"><p>SI Club Davos Pr\u00e4ttigau, Engiadina und Chur<\/p>\n<h4><strong>Gemeinsamer Festivalbesuch<\/strong><\/h4>\n<p>Die B\u00fcndner Soroptimistinnen der Clubs Davos Pr\u00e4ttigau, Engiadina und Chur haben am 3. M\u00e4rz 2018 gemeinsam das Kulturfestival Origen besucht, bestens betreut von der Produktionsleiterin, unserer Clubschwester Flavia Kistler. Der Tag begann mit einer spannenden F\u00fchrung des Origen-Gr\u00fcnders und Intendant Dr. Giovanni Netzer (B\u00fcndner Kulturpreistr\u00e4ger und Tr\u00e4ger des Hans-Reinhart-Rings). Unterhaltsam und fesselnd f\u00fchrte er durch die verschiedenen historischen Geb\u00e4ude, wie die Burg Riom oder die Villa Carisch, die beide Teil des Origen Kulturfestivals sind. Dieses wird 2018 mit dem Wakker-Preis ausgezeichnet.<\/p>\n<p>Besonders angetan hat es den Soroptimistinnen die Sammlung wundervoller Kost\u00fcme aus wertvollsten Stoffkreationen von Jakob Schlaepfer aus St. Gallen, mit dem Origen seit Jahren eine enge Zusammenarbeit unterh\u00e4lt. Diese Sammlung soll demn\u00e4chst Teil einer Ausstellung im Rahmen von Werkateliers werden. Einem feinen Mittagessen in der Ustareia Taratsch, Riom, folgte eine Postautofahrt durch die zauberhafte B\u00fcndner Winterlandschaft auf den Julierpass.<\/p>\n<p>Den H\u00f6hepunkt des eindr\u00fccklichen Tages bildete die Auff\u00fchrung des Tanztheaters \u00abMagi\u00bb im roten Origen-Turm. Ein Feuerwerk aus Musik, Tanz, Akrobatik, Athletik, Poesie und Emotion! Der Theaterturm mit einer schwebenden B\u00fchne wird noch bis ins Jahr 2020 vom Kulturfestival Origen bespielt, danach wird er abgebaut und der Standort auf dem Julierpass wieder der Natur \u00fcbergeben. Wer noch nie am Kulturfestival Origen in Riom war, sollte das unbedingt tun \u2013 wir Soroptimistinnen aus Davos, dem Engadin und aus Chur sind begeistert.<\/p>\n<p>Bernadette Felix<\/p>\n<p>Pr\u00e4sidentin SI Club Davos Pr\u00e4ttigau<\/p>\n<\/div><div class=\"fusion-clearfix\"><\/div><\/div><\/div><\/div><\/div><\/p>\n","protected":false},"excerpt":{"rendered":"","protected":false},"author":2,"featured_media":8067,"comment_status":"open","ping_status":"closed","sticky":false,"template":"","format":"standard","meta":{"footnotes":""},"categories":[45],"tags":[],"class_list":["post-5228","post","type-post","status-publish","format-standard","has-post-thumbnail","hentry","category-rapports-des-clubs-2018"],"_links":{"self":[{"href":"https:\/\/swiss-soroptimist.ch\/fr\/wp-json\/wp\/v2\/posts\/5228","targetHints":{"allow":["GET"]}}],"collection":[{"href":"https:\/\/swiss-soroptimist.ch\/fr\/wp-json\/wp\/v2\/posts"}],"about":[{"href":"https:\/\/swiss-soroptimist.ch\/fr\/wp-json\/wp\/v2\/types\/post"}],"author":[{"embeddable":true,"href":"https:\/\/swiss-soroptimist.ch\/fr\/wp-json\/wp\/v2\/users\/2"}],"replies":[{"embeddable":true,"href":"https:\/\/swiss-soroptimist.ch\/fr\/wp-json\/wp\/v2\/comments?post=5228"}],"version-history":[{"count":2,"href":"https:\/\/swiss-soroptimist.ch\/fr\/wp-json\/wp\/v2\/posts\/5228\/revisions"}],"predecessor-version":[{"id":18930,"href":"https:\/\/swiss-soroptimist.ch\/fr\/wp-json\/wp\/v2\/posts\/5228\/revisions\/18930"}],"wp:featuredmedia":[{"embeddable":true,"href":"https:\/\/swiss-soroptimist.ch\/fr\/wp-json\/wp\/v2\/media\/8067"}],"wp:attachment":[{"href":"https:\/\/swiss-soroptimist.ch\/fr\/wp-json\/wp\/v2\/media?parent=5228"}],"wp:term":[{"taxonomy":"category","embeddable":true,"href":"https:\/\/swiss-soroptimist.ch\/fr\/wp-json\/wp\/v2\/categories?post=5228"},{"taxonomy":"post_tag","embeddable":true,"href":"https:\/\/swiss-soroptimist.ch\/fr\/wp-json\/wp\/v2\/tags?post=5228"}],"curies":[{"name":"wp","href":"https:\/\/api.w.org\/{rel}","templated":true}]}}