{"id":3777,"date":"2017-07-02T22:03:45","date_gmt":"2017-07-02T20:03:45","guid":{"rendered":"https:\/\/swiss-soroptimist.ch\/fr\/2017\/07\/02\/si-zentralschweizer-clubtreffen-2017\/"},"modified":"2023-04-03T21:32:44","modified_gmt":"2023-04-03T19:32:44","slug":"si-zentralschweizer-clubtreffen-2017","status":"publish","type":"post","link":"https:\/\/swiss-soroptimist.ch\/fr\/si-zentralschweizer-clubtreffen-2017\/","title":{"rendered":"SI-Zentralschweizer-Clubtreffen-2017"},"content":{"rendered":"<p><div class=\"fusion-fullwidth fullwidth-box fusion-builder-row-1 nonhundred-percent-fullwidth non-hundred-percent-height-scrolling\" style=\"--awb-background-position:left top;--awb-border-sizes-top:0px;--awb-border-sizes-bottom:0px;--awb-border-sizes-left:0px;--awb-border-sizes-right:0px;--awb-border-radius-top-left:0px;--awb-border-radius-top-right:0px;--awb-border-radius-bottom-right:0px;--awb-border-radius-bottom-left:0px;--awb-padding-top:20px;--awb-padding-bottom:20px;--awb-flex-wrap:wrap;\" ><div class=\"fusion-builder-row fusion-row\"><div class=\"fusion-layout-column fusion_builder_column fusion-builder-column-0 fusion_builder_column_1_1 1_1 fusion-one-full fusion-column-first fusion-column-last fusion-column-no-min-height\" style=\"--awb-bg-size:cover;--awb-margin-bottom:0px;\"><div class=\"fusion-column-wrapper fusion-flex-column-wrapper-legacy\"><div class=\"fusion-image-carousel fusion-image-carousel-auto fusion-image-carousel-1\"><div class=\"awb-carousel awb-swiper awb-swiper-carousel awb-carousel--carousel awb-swiper-dots-position-bottom\" data-layout=\"carousel\" data-autoplay=\"yes\" data-autoplayspeed=\"5500\" data-autoplaypause=\"no\" data-columns=\"1\" data-columnsmedium=\"1\" data-columnssmall=\"1\" data-itemmargin=\"13\" data-itemwidth=\"180\" data-touchscroll=\"drag\" data-freemode=\"no\" data-imagesize=\"auto\" data-scrollitems=\"0\" data-centeredslides=\"no\" data-rotationangle=\"50\" data-depth=\"100\" data-speed=\"500\" data-shadow=\"no\" data-pagination=\"bullets\" style=\"--awb-columns:1;\"><div class=\"swiper-wrapper awb-image-carousel-wrapper fusion-flex-align-items-center\"><div class=\"swiper-slide\"><div class=\"fusion-carousel-item-wrapper\"><div class=\"fusion-image-wrapper hover-type-none\"><img decoding=\"async\" width=\"1100\" height=\"550\" src=\"https:\/\/swiss-soroptimist.ch\/wp-content\/uploads\/2017\/07\/Zent-CH-2017.jpg\" class=\"attachment-full size-full\" alt=\"\" srcset=\"https:\/\/swiss-soroptimist.ch\/wp-content\/uploads\/2017\/07\/Zent-CH-2017-200x100.jpg 200w, https:\/\/swiss-soroptimist.ch\/wp-content\/uploads\/2017\/07\/Zent-CH-2017-300x150.jpg 300w, https:\/\/swiss-soroptimist.ch\/wp-content\/uploads\/2017\/07\/Zent-CH-2017-400x200.jpg 400w, https:\/\/swiss-soroptimist.ch\/wp-content\/uploads\/2017\/07\/Zent-CH-2017-500x250.jpg 500w, https:\/\/swiss-soroptimist.ch\/wp-content\/uploads\/2017\/07\/Zent-CH-2017-600x300.jpg 600w, https:\/\/swiss-soroptimist.ch\/wp-content\/uploads\/2017\/07\/Zent-CH-2017-768x384.jpg 768w, https:\/\/swiss-soroptimist.ch\/wp-content\/uploads\/2017\/07\/Zent-CH-2017-800x400.jpg 800w, https:\/\/swiss-soroptimist.ch\/wp-content\/uploads\/2017\/07\/Zent-CH-2017-1024x512.jpg 1024w, https:\/\/swiss-soroptimist.ch\/wp-content\/uploads\/2017\/07\/Zent-CH-2017.jpg 1100w\" sizes=\"(max-width: 1100px) 100vw, 1100px\" \/><\/div><\/div><\/div><\/div><div class=\"awb-swiper-button awb-swiper-button-prev\"><i class=\"awb-icon-angle-left\" aria-hidden=\"true\"><\/i><\/div><div class=\"awb-swiper-button awb-swiper-button-next\"><i class=\"awb-icon-angle-right\" aria-hidden=\"true\"><\/i><\/div><\/div><\/div><div class=\"fusion-clearfix\"><\/div><\/div><\/div><\/div><\/div><div class=\"fusion-fullwidth fullwidth-box fusion-builder-row-2 hundred-percent-fullwidth non-hundred-percent-height-scrolling\" style=\"--awb-border-radius-top-left:0px;--awb-border-radius-top-right:0px;--awb-border-radius-bottom-right:0px;--awb-border-radius-bottom-left:0px;--awb-overflow:visible;--awb-flex-wrap:wrap;\" ><div class=\"fusion-builder-row fusion-row\"><div class=\"fusion-layout-column fusion_builder_column fusion-builder-column-1 fusion_builder_column_1_1 1_1 fusion-one-full fusion-column-first fusion-column-last\" style=\"--awb-bg-size:cover;\"><div class=\"fusion-column-wrapper fusion-flex-column-wrapper-legacy\"><div class=\"fusion-text fusion-text-1\"><p><strong>Zentralschweizer Clubtreffen im Juni 2017 in Luzern<\/strong><\/p>\n<p>Der Anlass hat Tradition. 60 Frauen der Clubs Zug, Schwyz, Innerschweiz und Luzern trafen sich mit einem Mann. Andreas Burri heisst er und ist Direktor des Gletschergartens. Er f\u00fchrte die Gesellschaft zun\u00e4chst Millionen von Jahren zur\u00fcck in die Urzeit und erkl\u00e4rte, wie der <a href=\"https:\/\/www.gletschergarten.ch\/\" target=\"_blank\" rel=\"noopener\">Gletschergarten<\/a> entstanden ist. Aktuell aber ist der Blick in die Zukunft. <a href=\"http:\/\/www.projekt-fels.ch\/home\/\" target=\"_blank\" rel=\"noopener\">Projekt Fels<\/a> heisst die neuste Innovation. Es handelt sich dabei um einen Erlebnisrundgang im Fels, 40-45 Meter lang.\u00a0 Der Weg f\u00fchrt vorbei an S\u00e4ulen, einem Bergsee und \u00a0endet in der Parkanlage Sommerau, wo die Besucherinnen und Besucher ans Tageslicht gelangen und sich der Blick auf die \u00a0Stadt und den Pilatus \u00f6ffnet. Das Projekt kostet 20 Millionen Franken und soll 2020 er\u00f6ffnet werden.<\/p>\n<p><strong>Der Gletschergarten: das Werk eines Pioniers und einer starken Frau <\/strong><\/p>\n<p>Eine weitere Station des Rundgangs an diesem Anlass war das Museum, das durch das Wirken einer Frau massgeblich gepr\u00e4gt worden ist. Marie Amrein-Troller. Sie war die Ehefrau von Josef Wilhelm Amrein-Troller, der den Gletschergarten auf der Suche nach einem Weinkeller entdeckte und frei legte. Nach seinem fr\u00fchen Tod war es seine Frau, die weiter an das Projekt glaubte, es durch schwierige Zeiten trieb, nebenbei vier kleine Kinder gross zog und das Museum aufbaute. Die Urenkelin des Gr\u00fcnders, Regula Egli, erz\u00e4hlte anschaulich ihre Geschichte.<\/p>\n<p>Nach so viel Geschichte und so vielen Geschichten st\u00e4rkten sich die Frauen im <a href=\"http:\/\/cafesowieso.ch\/home\" target=\"_blank\" rel=\"noopener\">Cafe Sowieso<\/a>, einem Sozialprojekt, das Menschen mit einer leichten Behinderung darin unterst\u00fctzt, in Service, Hauswirtschaft und K\u00fcche zu arbeiten.<\/p>\n<p><a href=\"http:\/\/luzern.soroptimist.ch\/clubtreffen-12-6-17\/\" target=\"_blank\" rel=\"noopener\">Mehr<\/a> zum Clubtreffen<\/p>\n<p>&nbsp;<\/p>\n<\/div><div class=\"fusion-clearfix\"><\/div><\/div><\/div><\/div><\/div><\/p>\n","protected":false},"excerpt":{"rendered":"","protected":false},"author":2,"featured_media":7912,"comment_status":"open","ping_status":"closed","sticky":false,"template":"","format":"standard","meta":{"footnotes":""},"categories":[20],"tags":[],"class_list":["post-3777","post","type-post","status-publish","format-standard","has-post-thumbnail","hentry","category-rapports-des-clubs-2017"],"_links":{"self":[{"href":"https:\/\/swiss-soroptimist.ch\/fr\/wp-json\/wp\/v2\/posts\/3777","targetHints":{"allow":["GET"]}}],"collection":[{"href":"https:\/\/swiss-soroptimist.ch\/fr\/wp-json\/wp\/v2\/posts"}],"about":[{"href":"https:\/\/swiss-soroptimist.ch\/fr\/wp-json\/wp\/v2\/types\/post"}],"author":[{"embeddable":true,"href":"https:\/\/swiss-soroptimist.ch\/fr\/wp-json\/wp\/v2\/users\/2"}],"replies":[{"embeddable":true,"href":"https:\/\/swiss-soroptimist.ch\/fr\/wp-json\/wp\/v2\/comments?post=3777"}],"version-history":[{"count":4,"href":"https:\/\/swiss-soroptimist.ch\/fr\/wp-json\/wp\/v2\/posts\/3777\/revisions"}],"predecessor-version":[{"id":18865,"href":"https:\/\/swiss-soroptimist.ch\/fr\/wp-json\/wp\/v2\/posts\/3777\/revisions\/18865"}],"wp:featuredmedia":[{"embeddable":true,"href":"https:\/\/swiss-soroptimist.ch\/fr\/wp-json\/wp\/v2\/media\/7912"}],"wp:attachment":[{"href":"https:\/\/swiss-soroptimist.ch\/fr\/wp-json\/wp\/v2\/media?parent=3777"}],"wp:term":[{"taxonomy":"category","embeddable":true,"href":"https:\/\/swiss-soroptimist.ch\/fr\/wp-json\/wp\/v2\/categories?post=3777"},{"taxonomy":"post_tag","embeddable":true,"href":"https:\/\/swiss-soroptimist.ch\/fr\/wp-json\/wp\/v2\/tags?post=3777"}],"curies":[{"name":"wp","href":"https:\/\/api.w.org\/{rel}","templated":true}]}}