{"id":24184,"date":"2025-12-11T15:06:25","date_gmt":"2025-12-11T14:06:25","guid":{"rendered":"https:\/\/swiss-soroptimist.ch\/?p=24184"},"modified":"2025-12-11T15:06:25","modified_gmt":"2025-12-11T14:06:25","slug":"si-club-luzern-luzern-saphir-podiumsgespraech","status":"publish","type":"post","link":"https:\/\/swiss-soroptimist.ch\/fr\/si-club-luzern-luzern-saphir-podiumsgespraech\/","title":{"rendered":"SI Club Luzern &#038; Luzern Saphir \u2013 Podiumsgespr\u00e4ch"},"content":{"rendered":"<p>SI Club Luzern und Luzern Saphir<\/p>\n<h3><strong>Eindr\u00fcckliches Podiumsgespr\u00e4ch \u201eZuh\u00f6ren \u2013 um Gewalt an Frauen zu verhindern\u201c<\/strong><\/h3>\n<p><strong>Gewalt beginnt oft leise \u2013 und endet selten von selbst. An unserem Podiumsgespr\u00e4ch \u00abZuh\u00f6ren \u2013 um Gewalt an Frauen zu verhindern\u00bb, das gemeinsam von vier Luzerner Frauenclubs im Rahmen der \u00abOrange Days\u00bb organisiert wurde, zeigte sich: Hinschauen, Ansprechen und Einmischen k\u00f6nnen entscheidend sein. Gefordert sind alle: Beh\u00f6rden, Beratungsstellen und wir als Zivilgesellschaft.<\/strong><\/p>\n<p>Gewalt f\u00e4ngt oft subtil an, kaum sichtbar, bevor sie in eine Spirale aus Kontrolle, Einsch\u00fcchterung, Abh\u00e4ngigkeiten, Drohungen in k\u00f6rperliche \u00dcbergriffe m\u00fcndet. Viele Betroffene verharren lange in diesem Kreislauf: aus Hoffnung auf Ver\u00e4nderung, aufgrund von Versprechungen oder weil finanzielle und emotionale Bindungen keinen Ausweg zulassen. Scham und das Gef\u00fchl, \u00abtief unten\u00bb zu sein, verst\u00e4rken das Schweigen. Dies zeigte eindr\u00fccklich das Statement von Louise Hill, die 20 Jahre in einer gewaltgepr\u00e4gten Ehe gelebt hat. Sie hat an unserem Podiumsgespr\u00e4ch im Rahmen der \u00ab16 Tage gegen Gewalt\u00bb teilgenommen, zusammen mit der Luzerner Regierungsr\u00e4tin Ylfete Fanaj, Petra Siedler, Leiterin Bildungsstelle H\u00e4usliche Gewalt und Manfred Schneeberger, Leiter Zw\u00fcschehalt f\u00fcr gewaltbetroffene M\u00e4nner. Kompetent moderiert wurde das Gespr\u00e4ch von Barbara St\u00f6ckli.<\/p>\n<p>\u00abEinmischen kann Leben ver\u00e4ndern\u00bb, so Louise Hill. Betroffene seien darauf angewiesen, dass ihr Umfeld hinschaut, sie anspricht \u2013 und auch T\u00e4ter benennt. Zivilcourage bleibt ein zentraler Pfeiler, ebenso die Stimmen jener, die stellvertretend f\u00fcr Menschen sprechen, die sich selbst nicht (mehr) \u00e4ussern k\u00f6nnen.<\/p>\n<p><strong>Sensibilisiertes Umfeld und wichtiger erster Notfallkontakt<\/strong><\/p>\n<p>Die beiden Fachpersonen Petra Sidler und Manfred Schneeberger schilderten, wie wichtig ein sensibilisiertes Umfeld ist: Polizei, Opferberatung, Gerichte, Lehrpersonen f\u00fcr Kinder aus einer gewaltt\u00e4tigen Umgebung, oder Pr\u00e4ventionsstellen. Gerade der erste Kontakt im Notfall muss rasch, klar und vertrauensbildend erfolgen, erg\u00e4nzte Ylfete Fanaj, die Luzerner Justiz- und Sicherheitsdirektorin. \u00abDie Realit\u00e4t zeigt den Bedarf: Alle zwei Tage r\u00fcckt die Polizei im Kanton Luzern wegen h\u00e4uslicher Gewalt aus\u00bb. Und: Gewalt endet nicht an Kantonsgrenzen \u2013 Zusammenarbeit, Datenaustausch und die Vernetzung kantonaler, kommunaler und nationaler Initiativen sind zentral.<\/p>\n<p>Der Kanton Luzern verf\u00fcgt \u00fcber ein starkes Fundament in der Bek\u00e4mpfung der h\u00e4uslichen Gewalt und speziell Gewalt gegen Frauen. Mit dem 2024 verabschiedeten Aktions- und Massnahmenplan zur Pr\u00e4vention und Bek\u00e4mpfung von h\u00e4uslicher und geschlechtsspezifischer Gewalt setzt er die Istanbul-Konvention umfassend um. Der wiederbelebte Runde Tisch mit rund 20 Fachpersonen aus Verwaltung, Opferschutz, Bildung, Gesundheit, Strafverfolgung und weiteren Bereichen dient als wichtiger Resonanzraum und bringt Expertise zusammen.<\/p>\n<p><strong>\u00ab\u00dcberleben nach dem \u00dcberleben\u00bb<\/strong><\/p>\n<p>Auch nach der akuten Gewaltphase bleibt vieles herausfordernd. \u00ab\u00dcberleben nach dem \u00dcberleben\u00bb bedeutet praktische Unterst\u00fctzung: Zugang zu Wohnraum, finanzielle Absicherung, Kinderbetreuung, Arbeitsm\u00f6glichkeiten \u2013 echte Anschlussl\u00f6sungen.<\/p>\n<p>Am Ende des Abends stand ein klares Pl\u00e4doyer: \u00abDie Zivilgesellschaft muss dranbleiben, ihre Stimme erheben, politischen Druck erzeugen und Betroffene solidarisch unterst\u00fctzen\u00bb appellierte Regierungsr\u00e4tin Ylfete Fanaj an das Publikum. Zuh\u00f6ren, handeln, hinstehen \u2013 das bleibt ein gemeinsamer Auftrag. Gerade auch wir Frauenclubs sind aufgerufen, die Stimme zu erheben und uns zu engagieren. Mit vereinten Kr\u00e4ften erreichen wir mehr.<\/p>\n<p>Das Podiumsgespr\u00e4ch wurde von den beiden Soroptimist Clubs <a href=\"https:\/\/www.soroptimist-luzern.ch\/\" target=\"_blank\" rel=\"noopener\">Luzern<\/a> und <a href=\"https:\/\/soroptimist-luzernsaphir.ch\/\" target=\"_blank\" rel=\"noopener\">Luzern Saphir<\/a>, dem <a href=\"https:\/\/www.zonta.ch\/clubs\/luzern\/\" target=\"_blank\" rel=\"noopener\">Zonta Club Luzern<\/a> und <a href=\"https:\/\/luzern-stadt.innerwheel.ch\/de\/?ce=1\" target=\"_blank\" rel=\"noopener\">Inner Wheel Stadt Luzern<\/a> organisiert. In der Peterskapelle in der Stadt Luzern fanden sich rund 120 Personen ein, von denen viele im Anschluss an den Anlass noch vertiefende Gespr\u00e4che mit den vier Podiumsteilnehmenden f\u00fchrten.<\/p>\n<p>Ein grosses Danke an alle, die zur gelungenen Veranstaltung im Rahmen der \u00ab16 Tage gegen Gewalt\u00bb und \u00abOrange Days\u00bb beigetragen haben.<\/p>\n<p>Regula Huber, SI Club Luzern Saphir<\/p>\n<p>Links:<\/p>\n<p><a href=\"http:\/\/www.louisehill.ch\" target=\"_blank\" rel=\"noopener\">www.louisehill.ch<\/a> \u00abTeufelskreis &#8211; mein bitteres Leben mit dem Zuckerb\u00e4cker\u00bb<\/p>\n<p><a href=\"https:\/\/www.bildungsstelle-haeusliche-gewalt.ch\/\" target=\"_blank\" rel=\"noopener\">Bildungsstelle H\u00e4usliche Gewalt<\/a><\/p>\n<p><a href=\"https:\/\/www.zwueschehalt.ch\/luzern\/\" target=\"_blank\" rel=\"noopener\">Luzern | Zwueschehalt<\/a><\/p>\n<p><a href=\"https:\/\/gewaltpraevention.lu.ch\/\" target=\"_blank\" rel=\"noopener\">Gewaltpr\u00e4vention und Bedrohungsmanagement &#8211; Kanton Luzern<\/a><\/p>\n<p><a href=\"https:\/\/www.lu.ch\/verwaltung\/JSD\/JSD_Projekte_und_Themen\/Hauesliche_Gewalt\" target=\"_blank\" rel=\"noopener\">Aktions- und Massnahmenplan h\u00e4usliche und geschlechtsspezifische Gewalt | lu.ch<\/a><\/p>\n","protected":false},"excerpt":{"rendered":"<p>SI Club Luzern und Luzern Saphir Eindr\u00fcckliches Podiumsgespr\u00e4ch \u201eZuh\u00f6ren \u2013 um Gewalt an Frauen zu verhindern\u201c Gewalt beginnt oft leise \u2013 und endet selten von selbst. An unserem Podiumsgespr\u00e4ch \u00abZuh\u00f6ren \u2013 um Gewalt an Frauen zu verhindern\u00bb, das gemeinsam von vier Luzerner Frauenclubs im Rahmen der \u00abOrange Days\u00bb organisiert wurde, zeigte sich: Hinschauen, Ansprechen und <a href=\"https:\/\/swiss-soroptimist.ch\/fr\/si-club-luzern-luzern-saphir-podiumsgespraech\/\"> [&#8230;]<\/a><\/p>\n","protected":false},"author":2,"featured_media":24175,"comment_status":"open","ping_status":"closed","sticky":false,"template":"","format":"standard","meta":{"footnotes":""},"categories":[182],"tags":[],"class_list":["post-24184","post","type-post","status-publish","format-standard","has-post-thumbnail","hentry","category-rapports-des-clubs-2025"],"_links":{"self":[{"href":"https:\/\/swiss-soroptimist.ch\/fr\/wp-json\/wp\/v2\/posts\/24184","targetHints":{"allow":["GET"]}}],"collection":[{"href":"https:\/\/swiss-soroptimist.ch\/fr\/wp-json\/wp\/v2\/posts"}],"about":[{"href":"https:\/\/swiss-soroptimist.ch\/fr\/wp-json\/wp\/v2\/types\/post"}],"author":[{"embeddable":true,"href":"https:\/\/swiss-soroptimist.ch\/fr\/wp-json\/wp\/v2\/users\/2"}],"replies":[{"embeddable":true,"href":"https:\/\/swiss-soroptimist.ch\/fr\/wp-json\/wp\/v2\/comments?post=24184"}],"version-history":[{"count":1,"href":"https:\/\/swiss-soroptimist.ch\/fr\/wp-json\/wp\/v2\/posts\/24184\/revisions"}],"predecessor-version":[{"id":24185,"href":"https:\/\/swiss-soroptimist.ch\/fr\/wp-json\/wp\/v2\/posts\/24184\/revisions\/24185"}],"wp:featuredmedia":[{"embeddable":true,"href":"https:\/\/swiss-soroptimist.ch\/fr\/wp-json\/wp\/v2\/media\/24175"}],"wp:attachment":[{"href":"https:\/\/swiss-soroptimist.ch\/fr\/wp-json\/wp\/v2\/media?parent=24184"}],"wp:term":[{"taxonomy":"category","embeddable":true,"href":"https:\/\/swiss-soroptimist.ch\/fr\/wp-json\/wp\/v2\/categories?post=24184"},{"taxonomy":"post_tag","embeddable":true,"href":"https:\/\/swiss-soroptimist.ch\/fr\/wp-json\/wp\/v2\/tags?post=24184"}],"curies":[{"name":"wp","href":"https:\/\/api.w.org\/{rel}","templated":true}]}}