{"id":22380,"date":"2025-01-23T13:12:27","date_gmt":"2025-01-23T12:12:27","guid":{"rendered":"https:\/\/swiss-soroptimist.ch\/?p=22380"},"modified":"2025-01-23T13:13:41","modified_gmt":"2025-01-23T12:13:41","slug":"soroptimist-club-geneve-rhone-la-voix-des-femmes","status":"publish","type":"post","link":"https:\/\/swiss-soroptimist.ch\/fr\/soroptimist-club-geneve-rhone-la-voix-des-femmes\/","title":{"rendered":"Soroptimist Club Gen\u00e8ve-Rh\u00f4ne \u2013 La voix des femmes"},"content":{"rendered":"<p><a href=\"https:\/\/swiss-soroptimist.ch\/wp-content\/uploads\/2025\/01\/Geneve-femmes.jpg\"><img decoding=\"async\" class=\"aligncenter size-full wp-image-22375\" src=\"https:\/\/swiss-soroptimist.ch\/wp-content\/uploads\/2025\/01\/Geneve-femmes.jpg\" alt=\"\" width=\"1600\" height=\"900\" srcset=\"https:\/\/swiss-soroptimist.ch\/wp-content\/uploads\/2025\/01\/Geneve-femmes-200x113.jpg 200w, https:\/\/swiss-soroptimist.ch\/wp-content\/uploads\/2025\/01\/Geneve-femmes-300x169.jpg 300w, https:\/\/swiss-soroptimist.ch\/wp-content\/uploads\/2025\/01\/Geneve-femmes-400x225.jpg 400w, https:\/\/swiss-soroptimist.ch\/wp-content\/uploads\/2025\/01\/Geneve-femmes-500x281.jpg 500w, https:\/\/swiss-soroptimist.ch\/wp-content\/uploads\/2025\/01\/Geneve-femmes-600x338.jpg 600w, https:\/\/swiss-soroptimist.ch\/wp-content\/uploads\/2025\/01\/Geneve-femmes-768x432.jpg 768w, https:\/\/swiss-soroptimist.ch\/wp-content\/uploads\/2025\/01\/Geneve-femmes-800x450.jpg 800w, https:\/\/swiss-soroptimist.ch\/wp-content\/uploads\/2025\/01\/Geneve-femmes-1024x576.jpg 1024w, https:\/\/swiss-soroptimist.ch\/wp-content\/uploads\/2025\/01\/Geneve-femmes-1200x675.jpg 1200w, https:\/\/swiss-soroptimist.ch\/wp-content\/uploads\/2025\/01\/Geneve-femmes-1536x864.jpg 1536w, https:\/\/swiss-soroptimist.ch\/wp-content\/uploads\/2025\/01\/Geneve-femmes.jpg 1600w\" sizes=\"(max-width: 1600px) 100vw, 1600px\" \/><\/a><\/p>\n<h3>Le club de Gen\u00e8ve-Rh\u00f4ne a soutenu Radio Begum avec un ch\u00e8que de 3\u2019000.- euros.<br \/>\nCes femmes afghanes courageuses continuent d\u2019\u00e9mettre a travers leur Radio Begum des contenu \u00e9ducatifs pour les filles et les femmes qui sont priv\u00e9es d\u2019\u00e9ducation depuis le retour des talibans au pouvoir.<\/h3>\n<p><strong>Les voix des Femmes :<\/strong><\/p>\n<p>En Afghanistan, une radio \u00ab par et pour les femmes \u00bb continue d\u2019\u00e9mettre sous le r\u00e9gime taliban.<br \/>\nIl y a en Afghanistan une station FM qui s\u2019\u00e9vertue \u00e0 faire entendre des voix de femmes, au sein d\u2019un pays qui les voudrait invisibles et r\u00e9duites au silence.<\/p>\n<p>Douze journalistes afghanes s\u2019appliquent \u00e0 fabriquer cette bulle d\u2019oxyg\u00e8ne dans un pays qui suffoque. Depuis le retour au pouvoir des talibans le 15 ao\u00fbt 2021, ces \u00ab reines \u00bb r\u00e9sistent \u00e0 l\u2019air du temps en continuant d\u2019\u00e9mettre.<\/p>\n<p>Hamida Aman, autrefois journaliste et d\u00e9sormais entrepreneuse, a donn\u00e9 naissance \u00e0 ce projet original. Cette quadrag\u00e9naire qui a fui l\u2019Afghanistan \u00e0 l\u2019\u00e2ge de 8 ans lors de l\u2019invasion sovi\u00e9tique, et qui a grandi en Suisse, revient maintenant r\u00e9guli\u00e8rement dans son pays natal. Radio Begum y a vu le jour en mars 2021. \u00ab Je sentais que les talibans prenaient d\u00e9j\u00e0 plus en plus de place, et que les voix des femmes n\u2019\u00e9taient pas \u00e9cout\u00e9es \u00bb explique-t-elle.<\/p>\n<p><strong>Quelques mois plus tard, la station FM a poursuivi sa mission malgr\u00e9 leur retour complet au pouvoir, en s\u2019adaptant comme elle pouvait \u00e0 cette nouvelle donne. L\u2019une de ses nouvelles missions ? Prendre le relais des \u00e9coles. Les talibans en privent les jeunes femmes depuis mars 2022. Ainsi, six heures d\u2019antenne sont d\u00e9di\u00e9es chaque jour \u00e0 leur \u00e9ducation. \u00ab C\u2019est un palliatif. La r\u00e9ouverture des \u00e9coles est une urgence. En 2021, pr\u00e8s de deux tiers des femmes afghanes ne savent ni lire ni \u00e9crire. Nous sommes l\u00e0 pour faire en sorte qu\u2019elles ne perdent pas totalement pied \u00bb souffle Hamida Aman.<\/strong><\/p>\n<p>Autre chantier, et non des moindres : la sant\u00e9 mentale de ces femmes. \u00ab Depuis l\u2019interdiction pour les \u00e9l\u00e8ves afghanes de la 5e \u00e0 la terminale de se rendre \u00e0 l\u2019\u00e9cole, elles ont perdu leur seul espace de libert\u00e9. Nous avons une \u00e9mission de soutien psychologique et ce sont elles qui, d\u00e9sormais, appellent le plus souvent \u00bb raconte la fondatrice de Radio Begum. Comme cette lyc\u00e9enne, Sarah, issue d\u2019un milieu modeste. A\u00een\u00e9e d\u2019une famille nombreuse, elle passe maintenant son temps \u00e0 s\u2019occuper des t\u00e2ches m\u00e9nag\u00e8res.<\/p>\n<p>\u00ab Aujourd\u2019hui, ses journ\u00e9es se ressemblent. Elle n\u2019a plus de perspectives. Nous l\u2019avons \u00e9cout\u00e9e parler puis pleurer \u00e0 l\u2019antenne. Souvent, ces jeunes femmes nous remercient pour cette \u00e9coute et cette compassion \u2013 cela peut les soulager \u00bb poursuit Hamida Aman. Un soutien moral relativement nouveau dans un pays boulevers\u00e9 par des d\u00e9cennies de guerre, o\u00f9 les questions de sant\u00e9 mentale n\u2019ont jamais \u00e9t\u00e9 une priorit\u00e9. La radio all\u00e8ge ces peines \u2013 sans s\u2019y limiter. \u00ab Dans les conseils que nous donnons aux auditeurs, nous essayons aussi d\u2019insuffler un peu de modernit\u00e9 en confiant aux m\u00e8res que leurs filles peuvent pratiquer d\u2019autres activit\u00e9s que le travail domestique. <strong>Dans notre \u00e9mission th\u00e9ologique, nous faisons appel \u00e0 de grands sp\u00e9cialistes de l\u2019islam qui disent bien que le travail et l\u2019\u00e9ducation des femmes ne sont pas interdits<\/strong> \u00bb raconte Hamida Aman.<\/p>\n<p>Si les talibans laissent faire, c\u2019est aussi parce que la fondatrice est pr\u00eate \u00e0 certaines concessions. Lors de la premi\u00e8re rencontre avec le porte-parole des nouveaux ma\u00eetres du pays, un mois apr\u00e8s leur arriv\u00e9e au pouvoir, l\u2019ordre est donn\u00e9 de ne diffuser ni musique entra\u00eenante, ni informations qui pourraient d\u00e9stabiliser le r\u00e9gime.<\/p>\n<p>Injonctions avec lesquelles Radio B\u00e9gum estime pouvoir composer. \u00ab Nous ne passons plus de rock, qu\u2019il soit afghan, iranien, ou am\u00e9ricain, et nous ne faisons pas de politique \u00bb explique-t-elle. Saba, la jeune directrice des programmes abonde : \u00ab lors de nos flashs d\u2019informations, nous nous bornons \u00e0 dire en quelques phrases ce qu\u2019il se passe, sans commentaires. Par exemple, nous parlons de la r\u00e9volte en Iran &#8211; mais simplement en informant qu\u2019il y en a une \u00bb. Au sein du pays, le m\u00eame traitement est r\u00e9serv\u00e9 aux manifestations.<\/p>\n<p>Depuis le printemps 2022, la t\u00e2che s\u2019est encore cors\u00e9e. Le r\u00e9gime a pris un tournant plus r\u00e9pressif. \u00ab La branche conservatrice a repris du pouvoir. Elle veut rassurer sa base constitu\u00e9e de jeunes hommes qui ont fait beaucoup de sacrifices pour les talibans. Elle entend acter le changement. Montrer que le pays diff\u00e8re du r\u00e9gime pr\u00e9c\u00e9dent \u00bb poursuit Hamida Aman. Premi\u00e8res victimes : les femmes. En plus de l\u2019interdiction de se rendre \u00e0 l\u2019\u00e9cole, les talibans leur ont aussi demand\u00e9 de rester chez elles. Si sortie il y a, les femmes doivent porter le voile int\u00e9gral. Dans les m\u00e9dias aussi, la vis s\u2019est resserr\u00e9e. \u00ab Le minist\u00e8re du vice et de la vertu vient d\u00e9sormais mettre le nez dans nos affaires, alors qu\u2019auparavant seul le minist\u00e8re des m\u00e9dias s\u2019int\u00e9ressait \u00e0 nous \u00bb. Avec des cons\u00e9quences sur la vie quotidienne de la radio. \u00ab Les talibans nous ont envoy\u00e9 un extrait de notre \u00e9mission de divertissement. Dans celui-ci, on entendait un auditeur masculin blaguer avec la pr\u00e9sentatrice.\u00a0 Cela ne leur a pas du tout plu. Ils nous ont somm\u00e9 d\u2019arr\u00eater. \u00bb<\/p>\n<p>Comment continuer \u00e0 exister sans d\u00e9naturer la radio ? Tel est l\u2019exercice d\u2019\u00e9quilibriste auquel est confront\u00e9e l\u2019\u00e9quipe de Radio B\u00e9gum en permanence, qui proc\u00e8de \u00e0 des arbitrages au cas par cas. Pour les rires entre hommes et femmes en direct, \u00ab nous allons devoir filtrer les\u200b appels et \u00e9viter que les hommes appellent durant les programmes de divertissement. Nous n&rsquo;avons d&rsquo;autres choix que de nous plier aux r\u00e8gles, c\u2019est le prix \u00e0 payer pour continuer \u00e0 \u00e9mettre. Nous ne sommes pas dans la confrontation frontale, mais nous voulons \u00eatre un soft power et continuer \u00e0 exister dans ce contexte difficile \u00bb.\u00a0 Une philosophie qui, combin\u00e9e \u00e0 l\u2019\u00e9nergie d\u2019Hamida pour trouver des fonds entre\u00a0 l\u2019Union Europ\u00e9enne et les Nations Unies, permet \u00e0 Radio Begum de survivre. Une exception dans un paysage m\u00e9diatique sinistr\u00e9. En tout, depuis le retour des talibans, 40 % des m\u00e9dias ont mis la cl\u00e9 sous la porte et pr\u00e8s de 7 000 journalistes ont perdu leur emploi.<\/p>\n<p>Sans surprise, les journalistes femmes sont les plus affect\u00e9es : les trois quart d\u2019entre elles ne travaillent plus. Les employ\u00e9es de Radio Begum font donc figure d\u2019anomalie, d\u2019autant plus qu\u2019une crise \u00e9conomique ravage le pays et que les talibans donnent la priorit\u00e9 aux hommes. Ils sont m\u00eame all\u00e9s jusqu\u2019\u00e0 demander aux femmes employ\u00e9es au minist\u00e8re des finances de trouver des homologues masculins pour les remplacer. \u00ab Je suis la seule de ma famille \u00e0 avoir encore un salaire \u00bb souligne Saba, la directrice des programmes. Hamida Aman entend donc continuer \u00e0 se d\u00e9mener. Pour assurer la p\u00e9rennit\u00e9 des emplois. Et pour que continue \u00e0 souffler ce vent frais sur les ondes, n\u2019en d\u00e9plaise aux talibans.<\/p>\n<p>DE MANON MEYER-HILFIGER<\/p>\n","protected":false},"excerpt":{"rendered":"<p>Le club de Gen\u00e8ve-Rh\u00f4ne a soutenu Radio Begum avec un ch\u00e8que de 3\u2019000.- euros. Ces femmes afghanes courageuses continuent d\u2019\u00e9mettre a travers leur Radio Begum des contenu \u00e9ducatifs pour les filles et les femmes qui sont priv\u00e9es d\u2019\u00e9ducation depuis le retour des talibans au pouvoir. Les voix des Femmes : En Afghanistan, une radio \u00ab <a href=\"https:\/\/swiss-soroptimist.ch\/fr\/soroptimist-club-geneve-rhone-la-voix-des-femmes\/\"> [&#8230;]<\/a><\/p>\n","protected":false},"author":2,"featured_media":22374,"comment_status":"open","ping_status":"closed","sticky":false,"template":"","format":"standard","meta":{"footnotes":""},"categories":[165,166],"tags":[],"class_list":["post-22380","post","type-post","status-publish","format-standard","has-post-thumbnail","hentry","category-berichte-clubs-2024","category-rapports-des-clubs-2024"],"_links":{"self":[{"href":"https:\/\/swiss-soroptimist.ch\/fr\/wp-json\/wp\/v2\/posts\/22380","targetHints":{"allow":["GET"]}}],"collection":[{"href":"https:\/\/swiss-soroptimist.ch\/fr\/wp-json\/wp\/v2\/posts"}],"about":[{"href":"https:\/\/swiss-soroptimist.ch\/fr\/wp-json\/wp\/v2\/types\/post"}],"author":[{"embeddable":true,"href":"https:\/\/swiss-soroptimist.ch\/fr\/wp-json\/wp\/v2\/users\/2"}],"replies":[{"embeddable":true,"href":"https:\/\/swiss-soroptimist.ch\/fr\/wp-json\/wp\/v2\/comments?post=22380"}],"version-history":[{"count":2,"href":"https:\/\/swiss-soroptimist.ch\/fr\/wp-json\/wp\/v2\/posts\/22380\/revisions"}],"predecessor-version":[{"id":22382,"href":"https:\/\/swiss-soroptimist.ch\/fr\/wp-json\/wp\/v2\/posts\/22380\/revisions\/22382"}],"wp:featuredmedia":[{"embeddable":true,"href":"https:\/\/swiss-soroptimist.ch\/fr\/wp-json\/wp\/v2\/media\/22374"}],"wp:attachment":[{"href":"https:\/\/swiss-soroptimist.ch\/fr\/wp-json\/wp\/v2\/media?parent=22380"}],"wp:term":[{"taxonomy":"category","embeddable":true,"href":"https:\/\/swiss-soroptimist.ch\/fr\/wp-json\/wp\/v2\/categories?post=22380"},{"taxonomy":"post_tag","embeddable":true,"href":"https:\/\/swiss-soroptimist.ch\/fr\/wp-json\/wp\/v2\/tags?post=22380"}],"curies":[{"name":"wp","href":"https:\/\/api.w.org\/{rel}","templated":true}]}}