{"id":21955,"date":"2024-11-21T21:41:18","date_gmt":"2024-11-21T20:41:18","guid":{"rendered":"https:\/\/swiss-soroptimist.ch\/?p=21955"},"modified":"2024-11-21T21:41:18","modified_gmt":"2024-11-21T20:41:18","slug":"soroptimist-club-de-lavaux-spectacle-dinatoire-2","status":"publish","type":"post","link":"https:\/\/swiss-soroptimist.ch\/fr\/soroptimist-club-de-lavaux-spectacle-dinatoire-2\/","title":{"rendered":"Soroptimist Club de Lavaux \u2013 Spectacle d\u00eenatoire"},"content":{"rendered":"<h3 class=\"fusion-responsive-typography-calculated\" data-fontsize=\"30\" data-lineheight=\"37.5px\">Spectacle d\u00eenatoire \/ Soutien \u00e0 la Fondation Pacte<\/h3>\n<p>Soutien au programme de sensibilisation au respect d&rsquo;autrui dans les \u00e9coles (Programme \u00ab\u00a0Ecole\u00a0\u00bb de la Fondation Pacte)<\/p>\n<p>Soutien du club Soroptimist de Lavaux \u00e0 la Fondation Pacte L\u2019humoriste et com\u00e9dien Simon Romang a \u00e9t\u00e9 l\u2019invit\u00e9 du club Soroptimist de Lavaux \u00e0 l\u2019occasion d\u2019un d\u00eener-spectacle organis\u00e9 le 9 novembre \u00e0 la salle du Grand-Pont \u00e0 Lutry.<\/p>\n<p>Il a pr\u00e9sent\u00e9 son deuxi\u00e8me seul-en-sc\u00e8ne \u00ab\u00a0Poussette\u00a0\u00bb et a d\u00e9peint avec humour et bienveillance la venue d\u2019un b\u00e9b\u00e9. Un cocktail d\u00eenatoire a suivi la repr\u00e9sentation et a permis ainsi de prolonger cette soir\u00e9e sous le signe de la bonne humeur.<\/p>\n<p>Cet \u00e9v\u00e9nement a \u00e9t\u00e9 organis\u00e9 dans le but de r\u00e9colter des fonds pour la Fondation Pacte pour son programme \u00ab\u00a0Ecole\u00a0\u00bb qui oeuvre \u00e0 sensibiliser les \u00e9l\u00e8ves au respect de la diff\u00e9rence, \u00e0 la compr\u00e9hension de l\u2019autre afin d\u2019\u00e9viter les comportements discriminatoires et cr\u00e9er ainsi un environnement harmonieux. Ces objectifs s\u2019accordent \u00e0 ceux que se fixe le Soroptimist International dans la pr\u00e9vention de l\u2019intimidation et de ses d\u00e9rives dont les filles sont les premi\u00e8res victimes.<\/p>\n<p><em>20.11.2024 \/ Gabrielle Henry<\/em><\/p>\n","protected":false},"excerpt":{"rendered":"<p>Spectacle d\u00eenatoire \/ Soutien \u00e0 la Fondation Pacte Soutien au programme de sensibilisation au respect d&rsquo;autrui dans les \u00e9coles (Programme \u00ab\u00a0Ecole\u00a0\u00bb de la Fondation Pacte) Soutien du club Soroptimist de Lavaux \u00e0 la Fondation Pacte L\u2019humoriste et com\u00e9dien Simon Romang a \u00e9t\u00e9 l\u2019invit\u00e9 du club Soroptimist de Lavaux \u00e0 l\u2019occasion d\u2019un d\u00eener-spectacle organis\u00e9 le 9 <a href=\"https:\/\/swiss-soroptimist.ch\/fr\/soroptimist-club-de-lavaux-spectacle-dinatoire-2\/\"> [&#8230;]<\/a><\/p>\n","protected":false},"author":2,"featured_media":21953,"comment_status":"open","ping_status":"closed","sticky":false,"template":"","format":"standard","meta":{"footnotes":""},"categories":[165,166],"tags":[],"class_list":["post-21955","post","type-post","status-publish","format-standard","has-post-thumbnail","hentry","category-berichte-clubs-2024","category-rapports-des-clubs-2024"],"_links":{"self":[{"href":"https:\/\/swiss-soroptimist.ch\/fr\/wp-json\/wp\/v2\/posts\/21955","targetHints":{"allow":["GET"]}}],"collection":[{"href":"https:\/\/swiss-soroptimist.ch\/fr\/wp-json\/wp\/v2\/posts"}],"about":[{"href":"https:\/\/swiss-soroptimist.ch\/fr\/wp-json\/wp\/v2\/types\/post"}],"author":[{"embeddable":true,"href":"https:\/\/swiss-soroptimist.ch\/fr\/wp-json\/wp\/v2\/users\/2"}],"replies":[{"embeddable":true,"href":"https:\/\/swiss-soroptimist.ch\/fr\/wp-json\/wp\/v2\/comments?post=21955"}],"version-history":[{"count":1,"href":"https:\/\/swiss-soroptimist.ch\/fr\/wp-json\/wp\/v2\/posts\/21955\/revisions"}],"predecessor-version":[{"id":21956,"href":"https:\/\/swiss-soroptimist.ch\/fr\/wp-json\/wp\/v2\/posts\/21955\/revisions\/21956"}],"wp:featuredmedia":[{"embeddable":true,"href":"https:\/\/swiss-soroptimist.ch\/fr\/wp-json\/wp\/v2\/media\/21953"}],"wp:attachment":[{"href":"https:\/\/swiss-soroptimist.ch\/fr\/wp-json\/wp\/v2\/media?parent=21955"}],"wp:term":[{"taxonomy":"category","embeddable":true,"href":"https:\/\/swiss-soroptimist.ch\/fr\/wp-json\/wp\/v2\/categories?post=21955"},{"taxonomy":"post_tag","embeddable":true,"href":"https:\/\/swiss-soroptimist.ch\/fr\/wp-json\/wp\/v2\/tags?post=21955"}],"curies":[{"name":"wp","href":"https:\/\/api.w.org\/{rel}","templated":true}]}}