{"id":19214,"date":"2018-12-31T16:56:57","date_gmt":"2018-12-31T15:56:57","guid":{"rendered":"https:\/\/swiss-soroptimist.ch\/?p=19214"},"modified":"2023-04-12T17:03:05","modified_gmt":"2023-04-12T15:03:05","slug":"activites-des-clubs-2018","status":"publish","type":"post","link":"https:\/\/swiss-soroptimist.ch\/fr\/activites-des-clubs-2018\/","title":{"rendered":"Activit\u00e9s des Clubs 2018"},"content":{"rendered":"<p><div class=\"fusion-fullwidth fullwidth-box fusion-builder-row-1 fusion-flex-container has-pattern-background has-mask-background nonhundred-percent-fullwidth non-hundred-percent-height-scrolling\" style=\"--awb-border-radius-top-left:0px;--awb-border-radius-top-right:0px;--awb-border-radius-bottom-right:0px;--awb-border-radius-bottom-left:0px;--awb-background-color:rgba(163,174,206,0.25);--awb-flex-wrap:wrap;\" ><div class=\"fusion-builder-row fusion-row fusion-flex-align-items-flex-start fusion-flex-content-wrap\" style=\"max-width:1144px;margin-left: calc(-4% \/ 2 );margin-right: calc(-4% \/ 2 );\"><div class=\"fusion-layout-column fusion_builder_column fusion-builder-column-0 fusion_builder_column_1_1 1_1 fusion-flex-column\" style=\"--awb-bg-size:cover;--awb-width-large:100%;--awb-margin-top-large:30px;--awb-spacing-right-large:1.92%;--awb-margin-bottom-large:0px;--awb-spacing-left-large:1.92%;--awb-width-medium:100%;--awb-order-medium:0;--awb-spacing-right-medium:1.92%;--awb-spacing-left-medium:1.92%;--awb-width-small:100%;--awb-order-small:0;--awb-spacing-right-small:1.92%;--awb-spacing-left-small:1.92%;\"><div class=\"fusion-column-wrapper fusion-column-has-shadow fusion-flex-justify-content-flex-start fusion-content-layout-column\"><div class=\"fusion-title title fusion-title-1 fusion-sep-none fusion-title-center fusion-title-text fusion-title-size-two\" style=\"--awb-margin-top-small:0px;--awb-margin-right-small:0px;--awb-margin-bottom-small:20px;--awb-margin-left-small:0px;\"><h2 class=\"fusion-title-heading title-heading-center\" style=\"margin:0;\"><p class=\"fusion-responsive-typography-calculated\" data-fontsize=\"24\" data-lineheight=\"31.92px\"><strong>2018 \/ Activit\u00e9s des Clubs<\/strong><\/p><\/h2><\/div><\/div><\/div><\/div><\/div><div class=\"fusion-fullwidth fullwidth-box fusion-builder-row-2 fusion-flex-container has-pattern-background has-mask-background hundred-percent-fullwidth non-hundred-percent-height-scrolling\" style=\"--awb-border-radius-top-left:0px;--awb-border-radius-top-right:0px;--awb-border-radius-bottom-right:0px;--awb-border-radius-bottom-left:0px;--awb-background-image:linear-gradient(180deg, rgba(163,174,206,0.25) 0%,var(--awb-color1) 100%);--awb-flex-wrap:wrap;\" ><div class=\"fusion-builder-row fusion-row fusion-flex-align-items-flex-start fusion-flex-content-wrap\" style=\"width:104% !important;max-width:104% !important;margin-left: calc(-4% \/ 2 );margin-right: calc(-4% \/ 2 );\"><div class=\"fusion-layout-column fusion_builder_column fusion-builder-column-1 fusion_builder_column_1_1 1_1 fusion-flex-column\" style=\"--awb-bg-size:cover;--awb-width-large:100%;--awb-margin-top-large:0px;--awb-spacing-right-large:1.92%;--awb-margin-bottom-large:20px;--awb-spacing-left-large:1.92%;--awb-width-medium:100%;--awb-order-medium:0;--awb-spacing-right-medium:1.92%;--awb-spacing-left-medium:1.92%;--awb-width-small:100%;--awb-order-small:0;--awb-spacing-right-small:1.92%;--awb-spacing-left-small:1.92%;\"><div class=\"fusion-column-wrapper fusion-column-has-shadow fusion-flex-justify-content-flex-start fusion-content-layout-column\"><div class=\"fusion-blog-shortcode fusion-blog-shortcode-1 fusion-blog-archive fusion-blog-layout-grid-wrapper fusion-blog-no\"><style type=\"text\/css\">.fusion-blog-shortcode-1 .fusion-blog-layout-grid .fusion-post-grid{padding:15px;}.fusion-blog-shortcode-1 .fusion-posts-container{margin-left: -15px !important; margin-right:-15px !important;}<\/style><div class=\"fusion-posts-container fusion-posts-container-no fusion-blog-layout-grid fusion-blog-layout-grid-4 isotope fusion-blog-equal-heights\" data-pages=\"0\" data-grid-col-space=\"30\" style=\"margin: -15px -15px 0;min-height:500px;\"><article id=\"blog-1-post-6876\" class=\"fusion-post-grid post-6876 post type-post status-publish format-standard has-post-thumbnail hentry category-rapports-des-clubs-2018\">\n<div class=\"fusion-post-wrapper\" style=\"background-color:rgba(255,255,255,1);border:1px solid #ebeaea;border-bottom-width:3px;\">\n\n\t\t\t<div class=\"fusion-flexslider flexslider fusion-flexslider-loading fusion-post-slideshow\" style=\"border-color:#ebeaea;\">\n\t\t<ul class=\"slides\">\n\t\t\t\n\t\t\t\t\t\t\t\t\t\t\t\t\t\t<li><div  class=\"fusion-image-wrapper\" aria-haspopup=\"true\">\n\t\t\t\t\t\t\t<a href=\"https:\/\/swiss-soroptimist.ch\/fr\/lavaux-cadeaux-de-noel\/\" aria-label=\"SI Club de Lavaux  r\u00e9colte des pi\u00e8ces de 5 centimes pour des cadeaux de No\u00ebl\">\n\t\t\t\t\t\t\t<img decoding=\"async\" width=\"1100\" height=\"550\" src=\"https:\/\/swiss-soroptimist.ch\/wp-content\/uploads\/2018\/12\/Lavaux-g.jpg\" class=\"attachment-full size-full wp-post-image\" alt=\"\" srcset=\"https:\/\/swiss-soroptimist.ch\/wp-content\/uploads\/2018\/12\/Lavaux-g-200x100.jpg 200w, https:\/\/swiss-soroptimist.ch\/wp-content\/uploads\/2018\/12\/Lavaux-g-400x200.jpg 400w, https:\/\/swiss-soroptimist.ch\/wp-content\/uploads\/2018\/12\/Lavaux-g-600x300.jpg 600w, https:\/\/swiss-soroptimist.ch\/wp-content\/uploads\/2018\/12\/Lavaux-g-800x400.jpg 800w, https:\/\/swiss-soroptimist.ch\/wp-content\/uploads\/2018\/12\/Lavaux-g.jpg 1100w\" sizes=\"(min-width: 2200px) 100vw, (min-width: 915px) 253px, (min-width: 824px) 337px, (min-width: 732px) 505px, (min-width: 640px) 732px, \" \/>\t\t\t<\/a>\n\t\t\t\t\t\t\t<\/div>\n<\/li>\n\t\t\t\n\t\t\t\n\t\t\t\t\t\t\t\t\t\t\t\t\t\t\t\t\t\t\t\t\t\t\t\t\t\t\t\t\t\t\t\t\t\t\t\t\t\t\t\t\t\t\t\t\t\t\t\t\t\t\t\t\t\t\t\t\t\t\t\t\t\t\t\t\t\t\t\t<\/ul>\n\t<\/div>\n\t<div class=\"fusion-post-content-wrapper\" style=\"padding:30px 25px 20px 25px;\"><div class=\"fusion-post-content post-content\"><h2 class=\"blog-shortcode-post-title entry-title\"><a href=\"https:\/\/swiss-soroptimist.ch\/fr\/lavaux-cadeaux-de-noel\/\">SI Club de Lavaux  r\u00e9colte des pi\u00e8ces de 5 centimes pour des cadeaux de No\u00ebl<\/a><\/h2><p class=\"fusion-single-line-meta\"><span class=\"vcard\" style=\"display: none;\"><span class=\"fn\"><a href=\"https:\/\/swiss-soroptimist.ch\/fr\/author\/swso_admin\/\" title=\"Articles par swso_admin\" rel=\"author\">swso_admin<\/a><\/span><\/span><span class=\"updated\" style=\"display:none;\">2023-04-12T16:44:16+02:00<\/span><span>d\u00e9cembre 29th, 2018<\/span><span class=\"fusion-inline-sep\">|<\/span><\/p><div class=\"fusion-content-sep sep-none\"><\/div><div class=\"fusion-post-content-container\"><\/div><\/div><div class=\"fusion-meta-info\"><div class=\"fusion-alignleft\"><a class=\"fusion-read-more\" href=\"https:\/\/swiss-soroptimist.ch\/fr\/lavaux-cadeaux-de-noel\/\" aria-label=\"More on SI Club de Lavaux  r\u00e9colte des pi\u00e8ces de 5 centimes pour des cadeaux de No\u00ebl\">Read More<\/a><\/div><\/div><\/div><div class=\"fusion-clearfix\"><\/div><\/div>\n<\/article>\n<article id=\"blog-1-post-6871\" class=\"fusion-post-grid post-6871 post type-post status-publish format-standard has-post-thumbnail hentry category-rapports-des-clubs-2018\">\n<div class=\"fusion-post-wrapper\" style=\"background-color:rgba(255,255,255,1);border:1px solid #ebeaea;border-bottom-width:3px;\">\n\n\t\t\t<div class=\"fusion-flexslider flexslider fusion-flexslider-loading fusion-post-slideshow\" style=\"border-color:#ebeaea;\">\n\t\t<ul class=\"slides\">\n\t\t\t\n\t\t\t\t\t\t\t\t\t\t\t\t\t\t<li><div  class=\"fusion-image-wrapper\" aria-haspopup=\"true\">\n\t\t\t\t\t\t\t<a href=\"https:\/\/swiss-soroptimist.ch\/fr\/si-geneve-rhone-et-lanniversaire-du-club-si-milano-fondatore\/\" aria-label=\"SI Gen\u00e8ve-Rh\u00f4ne et l\u2019anniversaire du Club SI Milano Fondatore\">\n\t\t\t\t\t\t\t<img decoding=\"async\" width=\"1100\" height=\"550\" src=\"https:\/\/swiss-soroptimist.ch\/wp-content\/uploads\/2018\/12\/MILANO-90.jpg\" class=\"attachment-full size-full wp-post-image\" alt=\"\" srcset=\"https:\/\/swiss-soroptimist.ch\/wp-content\/uploads\/2018\/12\/MILANO-90-200x100.jpg 200w, https:\/\/swiss-soroptimist.ch\/wp-content\/uploads\/2018\/12\/MILANO-90-400x200.jpg 400w, https:\/\/swiss-soroptimist.ch\/wp-content\/uploads\/2018\/12\/MILANO-90-600x300.jpg 600w, https:\/\/swiss-soroptimist.ch\/wp-content\/uploads\/2018\/12\/MILANO-90-800x400.jpg 800w, https:\/\/swiss-soroptimist.ch\/wp-content\/uploads\/2018\/12\/MILANO-90.jpg 1100w\" sizes=\"(min-width: 2200px) 100vw, (min-width: 915px) 253px, (min-width: 824px) 337px, (min-width: 732px) 505px, (min-width: 640px) 732px, \" \/>\t\t\t<\/a>\n\t\t\t\t\t\t\t<\/div>\n<\/li>\n\t\t\t\n\t\t\t\n\t\t\t\t\t\t\t\t\t\t\t\t\t\t\t\t\t\t\t\t\t\t\t\t\t\t\t\t\t\t\t\t\t\t\t\t\t\t\t\t\t\t\t\t\t\t\t\t\t\t\t\t\t\t\t\t\t\t\t\t\t\t\t\t\t\t\t\t<\/ul>\n\t<\/div>\n\t<div class=\"fusion-post-content-wrapper\" style=\"padding:30px 25px 20px 25px;\"><div class=\"fusion-post-content post-content\"><h2 class=\"blog-shortcode-post-title entry-title\"><a href=\"https:\/\/swiss-soroptimist.ch\/fr\/si-geneve-rhone-et-lanniversaire-du-club-si-milano-fondatore\/\">SI Gen\u00e8ve-Rh\u00f4ne et l\u2019anniversaire du Club SI Milano Fondatore<\/a><\/h2><p class=\"fusion-single-line-meta\"><span class=\"vcard\" style=\"display: none;\"><span class=\"fn\"><a href=\"https:\/\/swiss-soroptimist.ch\/fr\/author\/swso_admin\/\" title=\"Articles par swso_admin\" rel=\"author\">swso_admin<\/a><\/span><\/span><span class=\"updated\" style=\"display:none;\">2023-04-12T16:42:17+02:00<\/span><span>d\u00e9cembre 29th, 2018<\/span><span class=\"fusion-inline-sep\">|<\/span><\/p><div class=\"fusion-content-sep sep-none\"><\/div><div class=\"fusion-post-content-container\"><\/div><\/div><div class=\"fusion-meta-info\"><div class=\"fusion-alignleft\"><a class=\"fusion-read-more\" href=\"https:\/\/swiss-soroptimist.ch\/fr\/si-geneve-rhone-et-lanniversaire-du-club-si-milano-fondatore\/\" aria-label=\"More on SI Gen\u00e8ve-Rh\u00f4ne et l\u2019anniversaire du Club SI Milano Fondatore\">Read More<\/a><\/div><\/div><\/div><div class=\"fusion-clearfix\"><\/div><\/div>\n<\/article>\n<article id=\"blog-1-post-6840\" class=\"fusion-post-grid post-6840 post type-post status-publish format-standard has-post-thumbnail hentry category-rapports-des-clubs-2018\">\n<div class=\"fusion-post-wrapper\" style=\"background-color:rgba(255,255,255,1);border:1px solid #ebeaea;border-bottom-width:3px;\">\n\n\t\t\t<div class=\"fusion-flexslider flexslider fusion-flexslider-loading fusion-post-slideshow\" style=\"border-color:#ebeaea;\">\n\t\t<ul class=\"slides\">\n\t\t\t\n\t\t\t\t\t\t\t\t\t\t\t\t\t\t<li><div  class=\"fusion-image-wrapper\" aria-haspopup=\"true\">\n\t\t\t\t\t\t\t<a href=\"https:\/\/swiss-soroptimist.ch\/fr\/soroptimist-international-club-locarno-istituisce-un-premio\/\" aria-label=\"Soroptimist International Club Locarno istituisce un premio\">\n\t\t\t\t\t\t\t<img decoding=\"async\" width=\"1100\" height=\"550\" src=\"https:\/\/swiss-soroptimist.ch\/wp-content\/uploads\/2018\/12\/Locarno-1.jpg\" class=\"attachment-full size-full wp-post-image\" alt=\"\" srcset=\"https:\/\/swiss-soroptimist.ch\/wp-content\/uploads\/2018\/12\/Locarno-1-200x100.jpg 200w, https:\/\/swiss-soroptimist.ch\/wp-content\/uploads\/2018\/12\/Locarno-1-400x200.jpg 400w, https:\/\/swiss-soroptimist.ch\/wp-content\/uploads\/2018\/12\/Locarno-1-600x300.jpg 600w, https:\/\/swiss-soroptimist.ch\/wp-content\/uploads\/2018\/12\/Locarno-1-800x400.jpg 800w, https:\/\/swiss-soroptimist.ch\/wp-content\/uploads\/2018\/12\/Locarno-1.jpg 1100w\" sizes=\"(min-width: 2200px) 100vw, (min-width: 915px) 253px, (min-width: 824px) 337px, (min-width: 732px) 505px, (min-width: 640px) 732px, \" \/>\t\t\t<\/a>\n\t\t\t\t\t\t\t<\/div>\n<\/li>\n\t\t\t\n\t\t\t\n\t\t\t\t\t\t\t\t\t\t\t\t\t\t\t\t\t\t\t\t\t\t\t\t\t\t\t\t\t\t\t\t\t\t\t\t\t\t\t\t\t\t\t\t\t\t\t\t\t\t\t\t\t\t\t\t\t\t\t\t\t\t\t\t\t\t\t\t<\/ul>\n\t<\/div>\n\t<div class=\"fusion-post-content-wrapper\" style=\"padding:30px 25px 20px 25px;\"><div class=\"fusion-post-content post-content\"><h2 class=\"blog-shortcode-post-title entry-title\"><a href=\"https:\/\/swiss-soroptimist.ch\/fr\/soroptimist-international-club-locarno-istituisce-un-premio\/\">Soroptimist International Club Locarno istituisce un premio<\/a><\/h2><p class=\"fusion-single-line-meta\"><span class=\"vcard\" style=\"display: none;\"><span class=\"fn\"><a href=\"https:\/\/swiss-soroptimist.ch\/fr\/author\/swso_admin\/\" title=\"Articles par swso_admin\" rel=\"author\">swso_admin<\/a><\/span><\/span><span class=\"updated\" style=\"display:none;\">2023-04-12T16:36:46+02:00<\/span><span>d\u00e9cembre 13th, 2018<\/span><span class=\"fusion-inline-sep\">|<\/span><\/p><div class=\"fusion-content-sep sep-none\"><\/div><div class=\"fusion-post-content-container\"><\/div><\/div><div class=\"fusion-meta-info\"><div class=\"fusion-alignleft\"><a class=\"fusion-read-more\" href=\"https:\/\/swiss-soroptimist.ch\/fr\/soroptimist-international-club-locarno-istituisce-un-premio\/\" aria-label=\"More on Soroptimist International Club Locarno istituisce un premio\">Read More<\/a><\/div><\/div><\/div><div class=\"fusion-clearfix\"><\/div><\/div>\n<\/article>\n<article id=\"blog-1-post-6740\" class=\"fusion-post-grid post-6740 post type-post status-publish format-standard has-post-thumbnail hentry category-rapports-des-clubs-2018\">\n<div class=\"fusion-post-wrapper\" style=\"background-color:rgba(255,255,255,1);border:1px solid #ebeaea;border-bottom-width:3px;\">\n\n\t\t\t<div class=\"fusion-flexslider flexslider fusion-flexslider-loading fusion-post-slideshow\" style=\"border-color:#ebeaea;\">\n\t\t<ul class=\"slides\">\n\t\t\t\n\t\t\t\t\t\t\t\t\t\t\t\t\t\t<li><div  class=\"fusion-image-wrapper\" aria-haspopup=\"true\">\n\t\t\t\t\t\t\t<a href=\"https:\/\/swiss-soroptimist.ch\/fr\/si-club-lugano-chf-5000-pour-les-bourses-detudes\/\" aria-label=\"SI Club Lugano: CHF 5000.-  pour les bourses d\u2019\u00e9tudes\">\n\t\t\t\t\t\t\t<img decoding=\"async\" width=\"1100\" height=\"550\" src=\"https:\/\/swiss-soroptimist.ch\/wp-content\/uploads\/2018\/12\/Lugano-2018.jpg\" class=\"attachment-full size-full wp-post-image\" alt=\"\" srcset=\"https:\/\/swiss-soroptimist.ch\/wp-content\/uploads\/2018\/12\/Lugano-2018-200x100.jpg 200w, https:\/\/swiss-soroptimist.ch\/wp-content\/uploads\/2018\/12\/Lugano-2018-400x200.jpg 400w, https:\/\/swiss-soroptimist.ch\/wp-content\/uploads\/2018\/12\/Lugano-2018-600x300.jpg 600w, https:\/\/swiss-soroptimist.ch\/wp-content\/uploads\/2018\/12\/Lugano-2018-800x400.jpg 800w, https:\/\/swiss-soroptimist.ch\/wp-content\/uploads\/2018\/12\/Lugano-2018.jpg 1100w\" sizes=\"(min-width: 2200px) 100vw, (min-width: 915px) 253px, (min-width: 824px) 337px, (min-width: 732px) 505px, (min-width: 640px) 732px, \" \/>\t\t\t<\/a>\n\t\t\t\t\t\t\t<\/div>\n<\/li>\n\t\t\t\n\t\t\t\n\t\t\t\t\t\t\t\t\t\t\t\t\t\t\t\t\t\t\t\t\t\t\t\t\t\t\t\t\t\t\t\t\t\t\t\t\t\t\t\t\t\t\t\t\t\t\t\t\t\t\t\t\t\t\t\t\t\t\t\t\t\t\t\t\t\t\t\t<\/ul>\n\t<\/div>\n\t<div class=\"fusion-post-content-wrapper\" style=\"padding:30px 25px 20px 25px;\"><div class=\"fusion-post-content post-content\"><h2 class=\"blog-shortcode-post-title entry-title\"><a href=\"https:\/\/swiss-soroptimist.ch\/fr\/si-club-lugano-chf-5000-pour-les-bourses-detudes\/\">SI Club Lugano: CHF 5000.-  pour les bourses d\u2019\u00e9tudes<\/a><\/h2><p class=\"fusion-single-line-meta\"><span class=\"vcard\" style=\"display: none;\"><span class=\"fn\"><a href=\"https:\/\/swiss-soroptimist.ch\/fr\/author\/swso_admin\/\" title=\"Articles par swso_admin\" rel=\"author\">swso_admin<\/a><\/span><\/span><span class=\"updated\" style=\"display:none;\">2023-04-12T16:38:55+02:00<\/span><span>d\u00e9cembre 2nd, 2018<\/span><span class=\"fusion-inline-sep\">|<\/span><\/p><div class=\"fusion-content-sep sep-none\"><\/div><div class=\"fusion-post-content-container\"><\/div><\/div><div class=\"fusion-meta-info\"><div class=\"fusion-alignleft\"><a class=\"fusion-read-more\" href=\"https:\/\/swiss-soroptimist.ch\/fr\/si-club-lugano-chf-5000-pour-les-bourses-detudes\/\" aria-label=\"More on SI Club Lugano: CHF 5000.-  pour les bourses d\u2019\u00e9tudes\">Read More<\/a><\/div><\/div><\/div><div class=\"fusion-clearfix\"><\/div><\/div>\n<\/article>\n<article id=\"blog-1-post-6200\" class=\"fusion-post-grid post-6200 post type-post status-publish format-standard has-post-thumbnail hentry category-rapports-des-clubs-2018\">\n<div class=\"fusion-post-wrapper\" style=\"background-color:rgba(255,255,255,1);border:1px solid #ebeaea;border-bottom-width:3px;\">\n\n\t\t\t<div class=\"fusion-flexslider flexslider fusion-flexslider-loading fusion-post-slideshow\" style=\"border-color:#ebeaea;\">\n\t\t<ul class=\"slides\">\n\t\t\t\n\t\t\t\t\t\t\t\t\t\t\t\t\t\t<li><div  class=\"fusion-image-wrapper\" aria-haspopup=\"true\">\n\t\t\t\t\t\t\t<a href=\"https:\/\/swiss-soroptimist.ch\/fr\/si-club-kreuzlingen-spenden-fuer-kulturlegi\/\" aria-label=\"SI Club Kreuzlingen: spenden f\u00fcr KulturLegi\">\n\t\t\t\t\t\t\t<img decoding=\"async\" width=\"1100\" height=\"550\" src=\"https:\/\/swiss-soroptimist.ch\/wp-content\/uploads\/2018\/10\/Kreuzlingen.jpg\" class=\"attachment-full size-full wp-post-image\" alt=\"\" srcset=\"https:\/\/swiss-soroptimist.ch\/wp-content\/uploads\/2018\/10\/Kreuzlingen-200x100.jpg 200w, https:\/\/swiss-soroptimist.ch\/wp-content\/uploads\/2018\/10\/Kreuzlingen-400x200.jpg 400w, https:\/\/swiss-soroptimist.ch\/wp-content\/uploads\/2018\/10\/Kreuzlingen-600x300.jpg 600w, https:\/\/swiss-soroptimist.ch\/wp-content\/uploads\/2018\/10\/Kreuzlingen-800x400.jpg 800w, https:\/\/swiss-soroptimist.ch\/wp-content\/uploads\/2018\/10\/Kreuzlingen.jpg 1100w\" sizes=\"(min-width: 2200px) 100vw, (min-width: 915px) 253px, (min-width: 824px) 337px, (min-width: 732px) 505px, (min-width: 640px) 732px, \" \/>\t\t\t<\/a>\n\t\t\t\t\t\t\t<\/div>\n<\/li>\n\t\t\t\n\t\t\t\n\t\t\t\t\t\t\t\t\t\t\t\t\t\t\t\t\t\t\t\t\t\t\t\t\t\t\t\t\t\t\t\t\t\t\t\t\t\t\t\t\t\t\t\t\t\t\t\t\t\t\t\t\t\t\t\t\t\t\t\t\t\t\t\t\t\t\t\t<\/ul>\n\t<\/div>\n\t<div class=\"fusion-post-content-wrapper\" style=\"padding:30px 25px 20px 25px;\"><div class=\"fusion-post-content post-content\"><h2 class=\"blog-shortcode-post-title entry-title\"><a href=\"https:\/\/swiss-soroptimist.ch\/fr\/si-club-kreuzlingen-spenden-fuer-kulturlegi\/\">SI Club Kreuzlingen: spenden f\u00fcr KulturLegi<\/a><\/h2><p class=\"fusion-single-line-meta\"><span class=\"vcard\" style=\"display: none;\"><span class=\"fn\"><a href=\"https:\/\/swiss-soroptimist.ch\/fr\/author\/swso_admin\/\" title=\"Articles par swso_admin\" rel=\"author\">swso_admin<\/a><\/span><\/span><span class=\"updated\" style=\"display:none;\">2023-04-12T16:46:59+02:00<\/span><span>octobre 15th, 2018<\/span><span class=\"fusion-inline-sep\">|<\/span><\/p><div class=\"fusion-content-sep sep-none\"><\/div><div class=\"fusion-post-content-container\"><\/div><\/div><div class=\"fusion-meta-info\"><div class=\"fusion-alignleft\"><a class=\"fusion-read-more\" href=\"https:\/\/swiss-soroptimist.ch\/fr\/si-club-kreuzlingen-spenden-fuer-kulturlegi\/\" aria-label=\"More on SI Club Kreuzlingen: spenden f\u00fcr KulturLegi\">Read More<\/a><\/div><\/div><\/div><div class=\"fusion-clearfix\"><\/div><\/div>\n<\/article>\n<article id=\"blog-1-post-6120\" class=\"fusion-post-grid post-6120 post type-post status-publish format-standard has-post-thumbnail hentry category-rapports-des-clubs-2018\">\n<div class=\"fusion-post-wrapper\" style=\"background-color:rgba(255,255,255,1);border:1px solid #ebeaea;border-bottom-width:3px;\">\n\n\t\t\t<div class=\"fusion-flexslider flexslider fusion-flexslider-loading fusion-post-slideshow\" style=\"border-color:#ebeaea;\">\n\t\t<ul class=\"slides\">\n\t\t\t\n\t\t\t\t\t\t\t\t\t\t\t\t\t\t<li><div  class=\"fusion-image-wrapper\" aria-haspopup=\"true\">\n\t\t\t\t\t\t\t<a href=\"https:\/\/swiss-soroptimist.ch\/fr\/si-club-de-fribourg-vente-de-sacs-en-faveur-de-jeunesparents\/\" aria-label=\"SI Club de Fribourg Vente de sacs en faveur de jeunesparents.ch\">\n\t\t\t\t\t\t\t<img decoding=\"async\" width=\"1100\" height=\"550\" src=\"https:\/\/swiss-soroptimist.ch\/wp-content\/uploads\/2018\/09\/fribourg-Sorop.jpg\" class=\"attachment-full size-full wp-post-image\" alt=\"\" srcset=\"https:\/\/swiss-soroptimist.ch\/wp-content\/uploads\/2018\/09\/fribourg-Sorop-200x100.jpg 200w, https:\/\/swiss-soroptimist.ch\/wp-content\/uploads\/2018\/09\/fribourg-Sorop-400x200.jpg 400w, https:\/\/swiss-soroptimist.ch\/wp-content\/uploads\/2018\/09\/fribourg-Sorop-600x300.jpg 600w, https:\/\/swiss-soroptimist.ch\/wp-content\/uploads\/2018\/09\/fribourg-Sorop-800x400.jpg 800w, https:\/\/swiss-soroptimist.ch\/wp-content\/uploads\/2018\/09\/fribourg-Sorop.jpg 1100w\" sizes=\"(min-width: 2200px) 100vw, (min-width: 915px) 253px, (min-width: 824px) 337px, (min-width: 732px) 505px, (min-width: 640px) 732px, \" \/>\t\t\t<\/a>\n\t\t\t\t\t\t\t<\/div>\n<\/li>\n\t\t\t\n\t\t\t\n\t\t\t\t\t\t\t\t\t\t\t\t\t\t\t\t\t\t\t\t\t\t\t\t\t\t\t\t\t\t\t\t\t\t\t\t\t\t\t\t\t\t\t\t\t\t\t\t\t\t\t\t\t\t\t\t\t\t\t\t\t\t\t\t\t\t\t\t<\/ul>\n\t<\/div>\n\t<div class=\"fusion-post-content-wrapper\" style=\"padding:30px 25px 20px 25px;\"><div class=\"fusion-post-content post-content\"><h2 class=\"blog-shortcode-post-title entry-title\"><a href=\"https:\/\/swiss-soroptimist.ch\/fr\/si-club-de-fribourg-vente-de-sacs-en-faveur-de-jeunesparents\/\">SI Club de Fribourg Vente de sacs en faveur de jeunesparents.ch<\/a><\/h2><p class=\"fusion-single-line-meta\"><span class=\"vcard\" style=\"display: none;\"><span class=\"fn\"><a href=\"https:\/\/swiss-soroptimist.ch\/fr\/author\/swso_admin\/\" title=\"Articles par swso_admin\" rel=\"author\">swso_admin<\/a><\/span><\/span><span class=\"updated\" style=\"display:none;\">2023-04-12T16:47:45+02:00<\/span><span>septembre 24th, 2018<\/span><span class=\"fusion-inline-sep\">|<\/span><\/p><div class=\"fusion-content-sep sep-none\"><\/div><div class=\"fusion-post-content-container\"><\/div><\/div><div class=\"fusion-meta-info\"><div class=\"fusion-alignleft\"><a class=\"fusion-read-more\" href=\"https:\/\/swiss-soroptimist.ch\/fr\/si-club-de-fribourg-vente-de-sacs-en-faveur-de-jeunesparents\/\" aria-label=\"More on SI Club de Fribourg Vente de sacs en faveur de jeunesparents.ch\">Read More<\/a><\/div><\/div><\/div><div class=\"fusion-clearfix\"><\/div><\/div>\n<\/article>\n<article id=\"blog-1-post-6068\" class=\"fusion-post-grid post-6068 post type-post status-publish format-standard has-post-thumbnail hentry category-rapports-des-clubs-2018\">\n<div class=\"fusion-post-wrapper\" style=\"background-color:rgba(255,255,255,1);border:1px solid #ebeaea;border-bottom-width:3px;\">\n\n\t\t\t<div class=\"fusion-flexslider flexslider fusion-flexslider-loading fusion-post-slideshow\" style=\"border-color:#ebeaea;\">\n\t\t<ul class=\"slides\">\n\t\t\t\n\t\t\t\t\t\t\t\t\t\t\t\t\t\t<li><div  class=\"fusion-image-wrapper\" aria-haspopup=\"true\">\n\t\t\t\t\t\t\t<a href=\"https:\/\/swiss-soroptimist.ch\/fr\/si-monthey-et-chablais-1932-femmes-courent-pour-les-femmes-atteintes-de-cancer\/\" aria-label=\"SI Monthey et Chablais: 1932 femmes courent pour les femmes atteintes de cancer !\">\n\t\t\t\t\t\t\t<img decoding=\"async\" width=\"1100\" height=\"550\" src=\"https:\/\/swiss-soroptimist.ch\/wp-content\/uploads\/2018\/09\/Montheysanne.jpg\" class=\"attachment-full size-full wp-post-image\" alt=\"\" srcset=\"https:\/\/swiss-soroptimist.ch\/wp-content\/uploads\/2018\/09\/Montheysanne-200x100.jpg 200w, https:\/\/swiss-soroptimist.ch\/wp-content\/uploads\/2018\/09\/Montheysanne-400x200.jpg 400w, https:\/\/swiss-soroptimist.ch\/wp-content\/uploads\/2018\/09\/Montheysanne-600x300.jpg 600w, https:\/\/swiss-soroptimist.ch\/wp-content\/uploads\/2018\/09\/Montheysanne-800x400.jpg 800w, https:\/\/swiss-soroptimist.ch\/wp-content\/uploads\/2018\/09\/Montheysanne.jpg 1100w\" sizes=\"(min-width: 2200px) 100vw, (min-width: 915px) 253px, (min-width: 824px) 337px, (min-width: 732px) 505px, (min-width: 640px) 732px, \" \/>\t\t\t<\/a>\n\t\t\t\t\t\t\t<\/div>\n<\/li>\n\t\t\t\n\t\t\t\n\t\t\t\t\t\t\t\t\t\t\t\t\t\t\t\t\t\t\t\t\t\t\t\t\t\t\t\t\t\t\t\t\t\t\t\t\t\t\t\t\t\t\t\t\t\t\t\t\t\t\t\t\t\t\t\t\t\t\t\t\t\t\t\t\t\t\t\t<\/ul>\n\t<\/div>\n\t<div class=\"fusion-post-content-wrapper\" style=\"padding:30px 25px 20px 25px;\"><div class=\"fusion-post-content post-content\"><h2 class=\"blog-shortcode-post-title entry-title\"><a href=\"https:\/\/swiss-soroptimist.ch\/fr\/si-monthey-et-chablais-1932-femmes-courent-pour-les-femmes-atteintes-de-cancer\/\">SI Monthey et Chablais: 1932 femmes courent pour les femmes atteintes de cancer !<\/a><\/h2><p class=\"fusion-single-line-meta\"><span class=\"vcard\" style=\"display: none;\"><span class=\"fn\"><a href=\"https:\/\/swiss-soroptimist.ch\/fr\/author\/swso_admin\/\" title=\"Articles par swso_admin\" rel=\"author\">swso_admin<\/a><\/span><\/span><span class=\"updated\" style=\"display:none;\">2023-04-12T16:30:51+02:00<\/span><span>septembre 14th, 2018<\/span><span class=\"fusion-inline-sep\">|<\/span><\/p><div class=\"fusion-content-sep sep-none\"><\/div><div class=\"fusion-post-content-container\"><\/div><\/div><div class=\"fusion-meta-info\"><div class=\"fusion-alignleft\"><a class=\"fusion-read-more\" href=\"https:\/\/swiss-soroptimist.ch\/fr\/si-monthey-et-chablais-1932-femmes-courent-pour-les-femmes-atteintes-de-cancer\/\" aria-label=\"More on SI Monthey et Chablais: 1932 femmes courent pour les femmes atteintes de cancer !\">Read More<\/a><\/div><\/div><\/div><div class=\"fusion-clearfix\"><\/div><\/div>\n<\/article>\n<article id=\"blog-1-post-6054\" class=\"fusion-post-grid post-6054 post type-post status-publish format-standard has-post-thumbnail hentry category-rapports-des-clubs-2018\">\n<div class=\"fusion-post-wrapper\" style=\"background-color:rgba(255,255,255,1);border:1px solid #ebeaea;border-bottom-width:3px;\">\n\n\t\t\t<div class=\"fusion-flexslider flexslider fusion-flexslider-loading fusion-post-slideshow\" style=\"border-color:#ebeaea;\">\n\t\t<ul class=\"slides\">\n\t\t\t\n\t\t\t\t\t\t\t\t\t\t\t\t\t\t<li><div  class=\"fusion-image-wrapper\" aria-haspopup=\"true\">\n\t\t\t\t\t\t\t<a href=\"https:\/\/swiss-soroptimist.ch\/fr\/un-don-de-chf-10000\/\" aria-label=\"SI Club de Sion: Un don de CHF 10&rsquo;000.-\">\n\t\t\t\t\t\t\t<img decoding=\"async\" width=\"1100\" height=\"550\" src=\"https:\/\/swiss-soroptimist.ch\/wp-content\/uploads\/2018\/09\/sion-2018.jpg\" class=\"attachment-full size-full wp-post-image\" alt=\"\" srcset=\"https:\/\/swiss-soroptimist.ch\/wp-content\/uploads\/2018\/09\/sion-2018-200x100.jpg 200w, https:\/\/swiss-soroptimist.ch\/wp-content\/uploads\/2018\/09\/sion-2018-400x200.jpg 400w, https:\/\/swiss-soroptimist.ch\/wp-content\/uploads\/2018\/09\/sion-2018-600x300.jpg 600w, https:\/\/swiss-soroptimist.ch\/wp-content\/uploads\/2018\/09\/sion-2018-800x400.jpg 800w, https:\/\/swiss-soroptimist.ch\/wp-content\/uploads\/2018\/09\/sion-2018.jpg 1100w\" sizes=\"(min-width: 2200px) 100vw, (min-width: 915px) 253px, (min-width: 824px) 337px, (min-width: 732px) 505px, (min-width: 640px) 732px, \" \/>\t\t\t<\/a>\n\t\t\t\t\t\t\t<\/div>\n<\/li>\n\t\t\t\n\t\t\t\n\t\t\t\t\t\t\t\t\t\t\t\t\t\t\t\t\t\t\t\t\t\t\t\t\t\t\t\t\t\t\t\t\t\t\t\t\t\t\t\t\t\t\t\t\t\t\t\t\t\t\t\t\t\t\t\t\t\t\t\t\t\t\t\t\t\t\t\t<\/ul>\n\t<\/div>\n\t<div class=\"fusion-post-content-wrapper\" style=\"padding:30px 25px 20px 25px;\"><div class=\"fusion-post-content post-content\"><h2 class=\"blog-shortcode-post-title entry-title\"><a href=\"https:\/\/swiss-soroptimist.ch\/fr\/un-don-de-chf-10000\/\">SI Club de Sion: Un don de CHF 10&rsquo;000.-<\/a><\/h2><p class=\"fusion-single-line-meta\"><span class=\"vcard\" style=\"display: none;\"><span class=\"fn\"><a href=\"https:\/\/swiss-soroptimist.ch\/fr\/author\/swso_admin\/\" title=\"Articles par swso_admin\" rel=\"author\">swso_admin<\/a><\/span><\/span><span class=\"updated\" style=\"display:none;\">2023-04-03T23:03:31+02:00<\/span><span>septembre 14th, 2018<\/span><span class=\"fusion-inline-sep\">|<\/span><\/p><div class=\"fusion-content-sep sep-none\"><\/div><div class=\"fusion-post-content-container\"><\/div><\/div><div class=\"fusion-meta-info\"><div class=\"fusion-alignleft\"><a class=\"fusion-read-more\" href=\"https:\/\/swiss-soroptimist.ch\/fr\/un-don-de-chf-10000\/\" aria-label=\"More on SI Club de Sion: Un don de CHF 10&rsquo;000.-\">Read More<\/a><\/div><\/div><\/div><div class=\"fusion-clearfix\"><\/div><\/div>\n<\/article>\n<article id=\"blog-1-post-5963\" class=\"fusion-post-grid post-5963 post type-post status-publish format-standard has-post-thumbnail hentry category-rapports-des-clubs-2018\">\n<div class=\"fusion-post-wrapper\" style=\"background-color:rgba(255,255,255,1);border:1px solid #ebeaea;border-bottom-width:3px;\">\n\n\t\t\t<div class=\"fusion-flexslider flexslider fusion-flexslider-loading fusion-post-slideshow\" style=\"border-color:#ebeaea;\">\n\t\t<ul class=\"slides\">\n\t\t\t\n\t\t\t\t\t\t\t\t\t\t\t\t\t\t<li><div  class=\"fusion-image-wrapper\" aria-haspopup=\"true\">\n\t\t\t\t\t\t\t<a href=\"https:\/\/swiss-soroptimist.ch\/fr\/club-lavaux-30ans\/\" aria-label=\"Club Soroptimist de Lavaux f\u00eate ses 30 ans\">\n\t\t\t\t\t\t\t<img decoding=\"async\" width=\"1100\" height=\"550\" src=\"https:\/\/swiss-soroptimist.ch\/wp-content\/uploads\/2018\/08\/Lavaux-30.jpg\" class=\"attachment-full size-full wp-post-image\" alt=\"\" srcset=\"https:\/\/swiss-soroptimist.ch\/wp-content\/uploads\/2018\/08\/Lavaux-30-200x100.jpg 200w, https:\/\/swiss-soroptimist.ch\/wp-content\/uploads\/2018\/08\/Lavaux-30-400x200.jpg 400w, https:\/\/swiss-soroptimist.ch\/wp-content\/uploads\/2018\/08\/Lavaux-30-600x300.jpg 600w, https:\/\/swiss-soroptimist.ch\/wp-content\/uploads\/2018\/08\/Lavaux-30-800x400.jpg 800w, https:\/\/swiss-soroptimist.ch\/wp-content\/uploads\/2018\/08\/Lavaux-30.jpg 1100w\" sizes=\"(min-width: 2200px) 100vw, (min-width: 915px) 253px, (min-width: 824px) 337px, (min-width: 732px) 505px, (min-width: 640px) 732px, \" \/>\t\t\t<\/a>\n\t\t\t\t\t\t\t<\/div>\n<\/li>\n\t\t\t\n\t\t\t\n\t\t\t\t\t\t\t\t\t\t\t\t\t\t\t\t\t\t\t\t\t\t\t\t\t\t\t\t\t\t\t\t\t\t\t\t\t\t\t\t\t\t\t\t\t\t\t\t\t\t\t\t\t\t\t\t\t\t\t\t\t\t\t\t\t\t\t\t<\/ul>\n\t<\/div>\n\t<div class=\"fusion-post-content-wrapper\" style=\"padding:30px 25px 20px 25px;\"><div class=\"fusion-post-content post-content\"><h2 class=\"blog-shortcode-post-title entry-title\"><a href=\"https:\/\/swiss-soroptimist.ch\/fr\/club-lavaux-30ans\/\">Club Soroptimist de Lavaux f\u00eate ses 30 ans<\/a><\/h2><p class=\"fusion-single-line-meta\"><span class=\"vcard\" style=\"display: none;\"><span class=\"fn\"><a href=\"https:\/\/swiss-soroptimist.ch\/fr\/author\/swso_admin\/\" title=\"Articles par swso_admin\" rel=\"author\">swso_admin<\/a><\/span><\/span><span class=\"updated\" style=\"display:none;\">2023-04-12T16:35:07+02:00<\/span><span>ao\u00fbt 26th, 2018<\/span><span class=\"fusion-inline-sep\">|<\/span><\/p><div class=\"fusion-content-sep sep-none\"><\/div><div class=\"fusion-post-content-container\"><\/div><\/div><div class=\"fusion-meta-info\"><div class=\"fusion-alignleft\"><a class=\"fusion-read-more\" href=\"https:\/\/swiss-soroptimist.ch\/fr\/club-lavaux-30ans\/\" aria-label=\"More on Club Soroptimist de Lavaux f\u00eate ses 30 ans\">Read More<\/a><\/div><\/div><\/div><div class=\"fusion-clearfix\"><\/div><\/div>\n<\/article>\n<article id=\"blog-1-post-5931\" class=\"fusion-post-grid post-5931 post type-post status-publish format-standard has-post-thumbnail hentry category-rapports-des-clubs-2018\">\n<div class=\"fusion-post-wrapper\" style=\"background-color:rgba(255,255,255,1);border:1px solid #ebeaea;border-bottom-width:3px;\">\n\n\t\t\t<div class=\"fusion-flexslider flexslider fusion-flexslider-loading fusion-post-slideshow\" style=\"border-color:#ebeaea;\">\n\t\t<ul class=\"slides\">\n\t\t\t\n\t\t\t\t\t\t\t\t\t\t\t\t\t\t<li><div  class=\"fusion-image-wrapper\" aria-haspopup=\"true\">\n\t\t\t\t\t\t\t<a href=\"https:\/\/swiss-soroptimist.ch\/fr\/si-club-basel-und-liestal-3-taschenboerse-in-basel\/\" aria-label=\"SI Club Basel und Liestal 3. Taschenb\u00f6rse in Basel\">\n\t\t\t\t\t\t\t<img decoding=\"async\" width=\"1100\" height=\"550\" src=\"https:\/\/swiss-soroptimist.ch\/wp-content\/uploads\/2018\/07\/Basel-Taschen-2018.jpg\" class=\"attachment-full size-full wp-post-image\" alt=\"\" srcset=\"https:\/\/swiss-soroptimist.ch\/wp-content\/uploads\/2018\/07\/Basel-Taschen-2018-200x100.jpg 200w, https:\/\/swiss-soroptimist.ch\/wp-content\/uploads\/2018\/07\/Basel-Taschen-2018-400x200.jpg 400w, https:\/\/swiss-soroptimist.ch\/wp-content\/uploads\/2018\/07\/Basel-Taschen-2018-600x300.jpg 600w, https:\/\/swiss-soroptimist.ch\/wp-content\/uploads\/2018\/07\/Basel-Taschen-2018-800x400.jpg 800w, https:\/\/swiss-soroptimist.ch\/wp-content\/uploads\/2018\/07\/Basel-Taschen-2018.jpg 1100w\" sizes=\"(min-width: 2200px) 100vw, (min-width: 915px) 253px, (min-width: 824px) 337px, (min-width: 732px) 505px, (min-width: 640px) 732px, \" \/>\t\t\t<\/a>\n\t\t\t\t\t\t\t<\/div>\n<\/li>\n\t\t\t\n\t\t\t\n\t\t\t\t\t\t\t\t\t\t\t\t\t\t\t\t\t\t\t\t\t\t\t\t\t\t\t\t\t\t\t\t\t\t\t\t\t\t\t\t\t\t\t\t\t\t\t\t\t\t\t\t\t\t\t\t\t\t\t\t\t\t\t\t\t\t\t\t<\/ul>\n\t<\/div>\n\t<div class=\"fusion-post-content-wrapper\" style=\"padding:30px 25px 20px 25px;\"><div class=\"fusion-post-content post-content\"><h2 class=\"blog-shortcode-post-title entry-title\"><a href=\"https:\/\/swiss-soroptimist.ch\/fr\/si-club-basel-und-liestal-3-taschenboerse-in-basel\/\">SI Club Basel und Liestal 3. Taschenb\u00f6rse in Basel<\/a><\/h2><p class=\"fusion-single-line-meta\"><span class=\"vcard\" style=\"display: none;\"><span class=\"fn\"><a href=\"https:\/\/swiss-soroptimist.ch\/fr\/author\/swso_admin\/\" title=\"Articles par swso_admin\" rel=\"author\">swso_admin<\/a><\/span><\/span><span class=\"updated\" style=\"display:none;\">2023-04-03T23:06:26+02:00<\/span><span>juillet 31st, 2018<\/span><span class=\"fusion-inline-sep\">|<\/span><\/p><div class=\"fusion-content-sep sep-none\"><\/div><div class=\"fusion-post-content-container\"><\/div><\/div><div class=\"fusion-meta-info\"><div class=\"fusion-alignleft\"><a class=\"fusion-read-more\" href=\"https:\/\/swiss-soroptimist.ch\/fr\/si-club-basel-und-liestal-3-taschenboerse-in-basel\/\" aria-label=\"More on SI Club Basel und Liestal 3. Taschenb\u00f6rse in Basel\">Read More<\/a><\/div><\/div><\/div><div class=\"fusion-clearfix\"><\/div><\/div>\n<\/article>\n<article id=\"blog-1-post-5915\" class=\"fusion-post-grid post-5915 post type-post status-publish format-standard has-post-thumbnail hentry category-rapports-des-clubs-2018\">\n<div class=\"fusion-post-wrapper\" style=\"background-color:rgba(255,255,255,1);border:1px solid #ebeaea;border-bottom-width:3px;\">\n\n\t\t\t<div class=\"fusion-flexslider flexslider fusion-flexslider-loading fusion-post-slideshow\" style=\"border-color:#ebeaea;\">\n\t\t<ul class=\"slides\">\n\t\t\t\n\t\t\t\t\t\t\t\t\t\t\t\t\t\t<li><div  class=\"fusion-image-wrapper\" aria-haspopup=\"true\">\n\t\t\t\t\t\t\t<a href=\"https:\/\/swiss-soroptimist.ch\/fr\/club-luzern-saphir\/\" aria-label=\"SI Club Luzern Saphir:  Check\u00fcbergabe der Charter-Spenden an die Ateliers f\u00fcr Frauen\">\n\t\t\t\t\t\t\t<img decoding=\"async\" width=\"1100\" height=\"550\" src=\"https:\/\/swiss-soroptimist.ch\/wp-content\/uploads\/2018\/07\/Club-Saphir.jpg\" class=\"attachment-full size-full wp-post-image\" alt=\"\" srcset=\"https:\/\/swiss-soroptimist.ch\/wp-content\/uploads\/2018\/07\/Club-Saphir-200x100.jpg 200w, https:\/\/swiss-soroptimist.ch\/wp-content\/uploads\/2018\/07\/Club-Saphir-400x200.jpg 400w, https:\/\/swiss-soroptimist.ch\/wp-content\/uploads\/2018\/07\/Club-Saphir-600x300.jpg 600w, https:\/\/swiss-soroptimist.ch\/wp-content\/uploads\/2018\/07\/Club-Saphir-800x400.jpg 800w, https:\/\/swiss-soroptimist.ch\/wp-content\/uploads\/2018\/07\/Club-Saphir.jpg 1100w\" sizes=\"(min-width: 2200px) 100vw, (min-width: 915px) 253px, (min-width: 824px) 337px, (min-width: 732px) 505px, (min-width: 640px) 732px, \" \/>\t\t\t<\/a>\n\t\t\t\t\t\t\t<\/div>\n<\/li>\n\t\t\t\n\t\t\t\n\t\t\t\t\t\t\t\t\t\t\t\t\t\t\t\t\t\t\t\t\t\t\t\t\t\t\t\t\t\t\t\t\t\t\t\t\t\t\t\t\t\t\t\t\t\t\t\t\t\t\t\t\t\t\t\t\t\t\t\t\t\t\t\t\t\t\t\t<\/ul>\n\t<\/div>\n\t<div class=\"fusion-post-content-wrapper\" style=\"padding:30px 25px 20px 25px;\"><div class=\"fusion-post-content post-content\"><h2 class=\"blog-shortcode-post-title entry-title\"><a href=\"https:\/\/swiss-soroptimist.ch\/fr\/club-luzern-saphir\/\">SI Club Luzern Saphir:  Check\u00fcbergabe der Charter-Spenden an die Ateliers f\u00fcr Frauen<\/a><\/h2><p class=\"fusion-single-line-meta\"><span class=\"vcard\" style=\"display: none;\"><span class=\"fn\"><a href=\"https:\/\/swiss-soroptimist.ch\/fr\/author\/swso_admin\/\" title=\"Articles par swso_admin\" rel=\"author\">swso_admin<\/a><\/span><\/span><span class=\"updated\" style=\"display:none;\">2023-04-03T23:07:53+02:00<\/span><span>juillet 23rd, 2018<\/span><span class=\"fusion-inline-sep\">|<\/span><\/p><div class=\"fusion-content-sep sep-none\"><\/div><div class=\"fusion-post-content-container\"><\/div><\/div><div class=\"fusion-meta-info\"><div class=\"fusion-alignleft\"><a class=\"fusion-read-more\" href=\"https:\/\/swiss-soroptimist.ch\/fr\/club-luzern-saphir\/\" aria-label=\"More on SI Club Luzern Saphir:  Check\u00fcbergabe der Charter-Spenden an die Ateliers f\u00fcr Frauen\">Read More<\/a><\/div><\/div><\/div><div class=\"fusion-clearfix\"><\/div><\/div>\n<\/article>\n<article id=\"blog-1-post-5893\" class=\"fusion-post-grid post-5893 post type-post status-publish format-standard has-post-thumbnail hentry category-rapports-des-clubs-2018\">\n<div class=\"fusion-post-wrapper\" style=\"background-color:rgba(255,255,255,1);border:1px solid #ebeaea;border-bottom-width:3px;\">\n\n\t\t\t<div class=\"fusion-flexslider flexslider fusion-flexslider-loading fusion-post-slideshow\" style=\"border-color:#ebeaea;\">\n\t\t<ul class=\"slides\">\n\t\t\t\n\t\t\t\t\t\t\t\t\t\t\t\t\t\t<li><div  class=\"fusion-image-wrapper\" aria-haspopup=\"true\">\n\t\t\t\t\t\t\t<a href=\"https:\/\/swiss-soroptimist.ch\/fr\/si-club-zug-filmprojekt\/\" aria-label=\"SI Club Zug:  Unterst\u00fctzung f\u00fcr das Filmprojekt #FEMALE PLEASURE\">\n\t\t\t\t\t\t\t<img decoding=\"async\" width=\"1100\" height=\"550\" src=\"https:\/\/swiss-soroptimist.ch\/wp-content\/uploads\/2018\/07\/Club-Zug-Female.jpg\" class=\"attachment-full size-full wp-post-image\" alt=\"\" srcset=\"https:\/\/swiss-soroptimist.ch\/wp-content\/uploads\/2018\/07\/Club-Zug-Female-200x100.jpg 200w, https:\/\/swiss-soroptimist.ch\/wp-content\/uploads\/2018\/07\/Club-Zug-Female-400x200.jpg 400w, https:\/\/swiss-soroptimist.ch\/wp-content\/uploads\/2018\/07\/Club-Zug-Female-600x300.jpg 600w, https:\/\/swiss-soroptimist.ch\/wp-content\/uploads\/2018\/07\/Club-Zug-Female-800x400.jpg 800w, https:\/\/swiss-soroptimist.ch\/wp-content\/uploads\/2018\/07\/Club-Zug-Female.jpg 1100w\" sizes=\"(min-width: 2200px) 100vw, (min-width: 915px) 253px, (min-width: 824px) 337px, (min-width: 732px) 505px, (min-width: 640px) 732px, \" \/>\t\t\t<\/a>\n\t\t\t\t\t\t\t<\/div>\n<\/li>\n\t\t\t\n\t\t\t\n\t\t\t\t\t\t\t\t\t\t\t\t\t\t\t\t\t\t\t\t\t\t\t\t\t\t\t\t\t\t\t\t\t\t\t\t\t\t\t\t\t\t\t\t\t\t\t\t\t\t\t\t\t\t\t\t\t\t\t\t\t\t\t\t\t\t\t\t<\/ul>\n\t<\/div>\n\t<div class=\"fusion-post-content-wrapper\" style=\"padding:30px 25px 20px 25px;\"><div class=\"fusion-post-content post-content\"><h2 class=\"blog-shortcode-post-title entry-title\"><a href=\"https:\/\/swiss-soroptimist.ch\/fr\/si-club-zug-filmprojekt\/\">SI Club Zug:  Unterst\u00fctzung f\u00fcr das Filmprojekt #FEMALE PLEASURE<\/a><\/h2><p class=\"fusion-single-line-meta\"><span class=\"vcard\" style=\"display: none;\"><span class=\"fn\"><a href=\"https:\/\/swiss-soroptimist.ch\/fr\/author\/swso_admin\/\" title=\"Articles par swso_admin\" rel=\"author\">swso_admin<\/a><\/span><\/span><span class=\"updated\" style=\"display:none;\">2023-04-03T23:09:36+02:00<\/span><span>juillet 23rd, 2018<\/span><span class=\"fusion-inline-sep\">|<\/span><\/p><div class=\"fusion-content-sep sep-none\"><\/div><div class=\"fusion-post-content-container\"><\/div><\/div><div class=\"fusion-meta-info\"><div class=\"fusion-alignleft\"><a class=\"fusion-read-more\" href=\"https:\/\/swiss-soroptimist.ch\/fr\/si-club-zug-filmprojekt\/\" aria-label=\"More on SI Club Zug:  Unterst\u00fctzung f\u00fcr das Filmprojekt #FEMALE PLEASURE\">Read More<\/a><\/div><\/div><\/div><div class=\"fusion-clearfix\"><\/div><\/div>\n<\/article>\n<article id=\"blog-1-post-5806\" class=\"fusion-post-grid post-5806 post type-post status-publish format-standard has-post-thumbnail hentry category-rapports-des-clubs-2018\">\n<div class=\"fusion-post-wrapper\" style=\"background-color:rgba(255,255,255,1);border:1px solid #ebeaea;border-bottom-width:3px;\">\n\n\t\t\t<div class=\"fusion-flexslider flexslider fusion-flexslider-loading fusion-post-slideshow\" style=\"border-color:#ebeaea;\">\n\t\t<ul class=\"slides\">\n\t\t\t\n\t\t\t\t\t\t\t\t\t\t\t\t\t\t<li><div  class=\"fusion-image-wrapper\" aria-haspopup=\"true\">\n\t\t\t\t\t\t\t<a href=\"https:\/\/swiss-soroptimist.ch\/fr\/soroptimist-international-club-locarno-mops-dancesyndrome\/\" aria-label=\"Soroptimist International Club Locarno: MOPS-DanceSyndrome\">\n\t\t\t\t\t\t\t<img decoding=\"async\" width=\"1100\" height=\"550\" src=\"https:\/\/swiss-soroptimist.ch\/wp-content\/uploads\/2018\/06\/Locarno.jpg\" class=\"attachment-full size-full wp-post-image\" alt=\"\" srcset=\"https:\/\/swiss-soroptimist.ch\/wp-content\/uploads\/2018\/06\/Locarno-200x100.jpg 200w, https:\/\/swiss-soroptimist.ch\/wp-content\/uploads\/2018\/06\/Locarno-400x200.jpg 400w, https:\/\/swiss-soroptimist.ch\/wp-content\/uploads\/2018\/06\/Locarno-600x300.jpg 600w, https:\/\/swiss-soroptimist.ch\/wp-content\/uploads\/2018\/06\/Locarno-800x400.jpg 800w, https:\/\/swiss-soroptimist.ch\/wp-content\/uploads\/2018\/06\/Locarno.jpg 1100w\" sizes=\"(min-width: 2200px) 100vw, (min-width: 915px) 253px, (min-width: 824px) 337px, (min-width: 732px) 505px, (min-width: 640px) 732px, \" \/>\t\t\t<\/a>\n\t\t\t\t\t\t\t<\/div>\n<\/li>\n\t\t\t\n\t\t\t\n\t\t\t\t\t\t\t\t\t\t\t\t\t\t\t\t\t\t\t\t\t\t\t\t\t\t\t\t\t\t\t\t\t\t\t\t\t\t\t\t\t\t\t\t\t\t\t\t\t\t\t\t\t\t\t\t\t\t\t\t\t\t\t\t\t\t\t\t<\/ul>\n\t<\/div>\n\t<div class=\"fusion-post-content-wrapper\" style=\"padding:30px 25px 20px 25px;\"><div class=\"fusion-post-content post-content\"><h2 class=\"blog-shortcode-post-title entry-title\"><a href=\"https:\/\/swiss-soroptimist.ch\/fr\/soroptimist-international-club-locarno-mops-dancesyndrome\/\">Soroptimist International Club Locarno: MOPS-DanceSyndrome<\/a><\/h2><p class=\"fusion-single-line-meta\"><span class=\"vcard\" style=\"display: none;\"><span class=\"fn\"><a href=\"https:\/\/swiss-soroptimist.ch\/fr\/author\/swso_admin\/\" title=\"Articles par swso_admin\" rel=\"author\">swso_admin<\/a><\/span><\/span><span class=\"updated\" style=\"display:none;\">2023-04-03T23:10:59+02:00<\/span><span>juin 7th, 2018<\/span><span class=\"fusion-inline-sep\">|<\/span><\/p><div class=\"fusion-content-sep sep-none\"><\/div><div class=\"fusion-post-content-container\"><\/div><\/div><div class=\"fusion-meta-info\"><div class=\"fusion-alignleft\"><a class=\"fusion-read-more\" href=\"https:\/\/swiss-soroptimist.ch\/fr\/soroptimist-international-club-locarno-mops-dancesyndrome\/\" aria-label=\"More on Soroptimist International Club Locarno: MOPS-DanceSyndrome\">Read More<\/a><\/div><\/div><\/div><div class=\"fusion-clearfix\"><\/div><\/div>\n<\/article>\n<article id=\"blog-1-post-5736\" class=\"fusion-post-grid post-5736 post type-post status-publish format-standard has-post-thumbnail hentry category-rapports-des-clubs-2018\">\n<div class=\"fusion-post-wrapper\" style=\"background-color:rgba(255,255,255,1);border:1px solid #ebeaea;border-bottom-width:3px;\">\n\n\t\t\t<div class=\"fusion-flexslider flexslider fusion-flexslider-loading fusion-post-slideshow\" style=\"border-color:#ebeaea;\">\n\t\t<ul class=\"slides\">\n\t\t\t\n\t\t\t\t\t\t\t\t\t\t\t\t\t\t<li><div  class=\"fusion-image-wrapper\" aria-haspopup=\"true\">\n\t\t\t\t\t\t\t<a href=\"https:\/\/swiss-soroptimist.ch\/fr\/si-club-bellinzona-e-valli-baobad-una-cooperatva-da-sostenere\/\" aria-label=\"SI Club Bellinzona e Valli: Baobad, una cooperatva da sostenere\">\n\t\t\t\t\t\t\t<img decoding=\"async\" width=\"1100\" height=\"550\" src=\"https:\/\/swiss-soroptimist.ch\/wp-content\/uploads\/2018\/06\/bellinzona.jpg\" class=\"attachment-full size-full wp-post-image\" alt=\"\" srcset=\"https:\/\/swiss-soroptimist.ch\/wp-content\/uploads\/2018\/06\/bellinzona-200x100.jpg 200w, https:\/\/swiss-soroptimist.ch\/wp-content\/uploads\/2018\/06\/bellinzona-400x200.jpg 400w, https:\/\/swiss-soroptimist.ch\/wp-content\/uploads\/2018\/06\/bellinzona-600x300.jpg 600w, https:\/\/swiss-soroptimist.ch\/wp-content\/uploads\/2018\/06\/bellinzona-800x400.jpg 800w, https:\/\/swiss-soroptimist.ch\/wp-content\/uploads\/2018\/06\/bellinzona.jpg 1100w\" sizes=\"(min-width: 2200px) 100vw, (min-width: 915px) 253px, (min-width: 824px) 337px, (min-width: 732px) 505px, (min-width: 640px) 732px, \" \/>\t\t\t<\/a>\n\t\t\t\t\t\t\t<\/div>\n<\/li>\n\t\t\t\n\t\t\t\n\t\t\t\t\t\t\t\t\t\t\t\t\t\t\t\t\t\t\t\t\t\t\t\t\t\t\t\t\t\t\t\t\t\t\t\t\t\t\t\t\t\t\t\t\t\t\t\t\t\t\t\t\t\t\t\t\t\t\t\t\t\t\t\t\t\t\t\t<\/ul>\n\t<\/div>\n\t<div class=\"fusion-post-content-wrapper\" style=\"padding:30px 25px 20px 25px;\"><div class=\"fusion-post-content post-content\"><h2 class=\"blog-shortcode-post-title entry-title\"><a href=\"https:\/\/swiss-soroptimist.ch\/fr\/si-club-bellinzona-e-valli-baobad-una-cooperatva-da-sostenere\/\">SI Club Bellinzona e Valli: Baobad, una cooperatva da sostenere<\/a><\/h2><p class=\"fusion-single-line-meta\"><span class=\"vcard\" style=\"display: none;\"><span class=\"fn\"><a href=\"https:\/\/swiss-soroptimist.ch\/fr\/author\/swso_admin\/\" title=\"Articles par swso_admin\" rel=\"author\">swso_admin<\/a><\/span><\/span><span class=\"updated\" style=\"display:none;\">2023-04-03T23:12:38+02:00<\/span><span>juin 1st, 2018<\/span><span class=\"fusion-inline-sep\">|<\/span><\/p><div class=\"fusion-content-sep sep-none\"><\/div><div class=\"fusion-post-content-container\"><\/div><\/div><div class=\"fusion-meta-info\"><div class=\"fusion-alignleft\"><a class=\"fusion-read-more\" href=\"https:\/\/swiss-soroptimist.ch\/fr\/si-club-bellinzona-e-valli-baobad-una-cooperatva-da-sostenere\/\" aria-label=\"More on SI Club Bellinzona e Valli: Baobad, una cooperatva da sostenere\">Read More<\/a><\/div><\/div><\/div><div class=\"fusion-clearfix\"><\/div><\/div>\n<\/article>\n<article id=\"blog-1-post-5712\" class=\"fusion-post-grid post-5712 post type-post status-publish format-standard has-post-thumbnail hentry category-rapports-des-clubs-2018\">\n<div class=\"fusion-post-wrapper\" style=\"background-color:rgba(255,255,255,1);border:1px solid #ebeaea;border-bottom-width:3px;\">\n\n\t\t\t<div class=\"fusion-flexslider flexslider fusion-flexslider-loading fusion-post-slideshow\" style=\"border-color:#ebeaea;\">\n\t\t<ul class=\"slides\">\n\t\t\t\n\t\t\t\t\t\t\t\t\t\t\t\t\t\t<li><div  class=\"fusion-image-wrapper\" aria-haspopup=\"true\">\n\t\t\t\t\t\t\t<a href=\"https:\/\/swiss-soroptimist.ch\/fr\/si-club-bern-und-berne-arcadia-benfiz-soiree\/\" aria-label=\"SI Club Bern und Berne Arcadia: Benfiz Soir\u00e9e\">\n\t\t\t\t\t\t\t<img decoding=\"async\" width=\"1100\" height=\"550\" src=\"https:\/\/swiss-soroptimist.ch\/wp-content\/uploads\/2018\/05\/Bern-Bern-Arcadia.jpg\" class=\"attachment-full size-full wp-post-image\" alt=\"\" srcset=\"https:\/\/swiss-soroptimist.ch\/wp-content\/uploads\/2018\/05\/Bern-Bern-Arcadia-200x100.jpg 200w, https:\/\/swiss-soroptimist.ch\/wp-content\/uploads\/2018\/05\/Bern-Bern-Arcadia-400x200.jpg 400w, https:\/\/swiss-soroptimist.ch\/wp-content\/uploads\/2018\/05\/Bern-Bern-Arcadia-600x300.jpg 600w, https:\/\/swiss-soroptimist.ch\/wp-content\/uploads\/2018\/05\/Bern-Bern-Arcadia-800x400.jpg 800w, https:\/\/swiss-soroptimist.ch\/wp-content\/uploads\/2018\/05\/Bern-Bern-Arcadia.jpg 1100w\" sizes=\"(min-width: 2200px) 100vw, (min-width: 915px) 253px, (min-width: 824px) 337px, (min-width: 732px) 505px, (min-width: 640px) 732px, \" \/>\t\t\t<\/a>\n\t\t\t\t\t\t\t<\/div>\n<\/li>\n\t\t\t\n\t\t\t\n\t\t\t\t\t\t\t\t\t\t\t\t\t\t\t\t\t\t\t\t\t\t\t\t\t\t\t\t\t\t\t\t\t\t\t\t\t\t\t\t\t\t\t\t\t\t\t\t\t\t\t\t\t\t\t\t\t\t\t\t\t\t\t\t\t\t\t\t<\/ul>\n\t<\/div>\n\t<div class=\"fusion-post-content-wrapper\" style=\"padding:30px 25px 20px 25px;\"><div class=\"fusion-post-content post-content\"><h2 class=\"blog-shortcode-post-title entry-title\"><a href=\"https:\/\/swiss-soroptimist.ch\/fr\/si-club-bern-und-berne-arcadia-benfiz-soiree\/\">SI Club Bern und Berne Arcadia: Benfiz Soir\u00e9e<\/a><\/h2><p class=\"fusion-single-line-meta\"><span class=\"vcard\" style=\"display: none;\"><span class=\"fn\"><a href=\"https:\/\/swiss-soroptimist.ch\/fr\/author\/swso_admin\/\" title=\"Articles par swso_admin\" rel=\"author\">swso_admin<\/a><\/span><\/span><span class=\"updated\" style=\"display:none;\">2023-04-03T23:14:04+02:00<\/span><span>mai 21st, 2018<\/span><span class=\"fusion-inline-sep\">|<\/span><\/p><div class=\"fusion-content-sep sep-none\"><\/div><div class=\"fusion-post-content-container\"><\/div><\/div><div class=\"fusion-meta-info\"><div class=\"fusion-alignleft\"><a class=\"fusion-read-more\" href=\"https:\/\/swiss-soroptimist.ch\/fr\/si-club-bern-und-berne-arcadia-benfiz-soiree\/\" aria-label=\"More on SI Club Bern und Berne Arcadia: Benfiz Soir\u00e9e\">Read More<\/a><\/div><\/div><\/div><div class=\"fusion-clearfix\"><\/div><\/div>\n<\/article>\n<article id=\"blog-1-post-5529\" class=\"fusion-post-grid post-5529 post type-post status-publish format-standard has-post-thumbnail hentry category-rapports-des-clubs-2018\">\n<div class=\"fusion-post-wrapper\" style=\"background-color:rgba(255,255,255,1);border:1px solid #ebeaea;border-bottom-width:3px;\">\n\n\t\t\t<div class=\"fusion-flexslider flexslider fusion-flexslider-loading fusion-post-slideshow\" style=\"border-color:#ebeaea;\">\n\t\t<ul class=\"slides\">\n\t\t\t\n\t\t\t\t\t\t\t\t\t\t\t\t\t\t<li><div  class=\"fusion-image-wrapper\" aria-haspopup=\"true\">\n\t\t\t\t\t\t\t<a href=\"https:\/\/swiss-soroptimist.ch\/fr\/si-club-st-gallen-appenzell-grenzueberschreitendes-treffen-der-bodenseeclubs\/\" aria-label=\"SI Club St.Gallen Appenzell Grenz\u00fcberschreitendes Treffen der Bodenseeclubs\">\n\t\t\t\t\t\t\t<img decoding=\"async\" width=\"1100\" height=\"550\" src=\"https:\/\/swiss-soroptimist.ch\/wp-content\/uploads\/2018\/04\/st-gallen-g.jpg\" class=\"attachment-full size-full wp-post-image\" alt=\"\" srcset=\"https:\/\/swiss-soroptimist.ch\/wp-content\/uploads\/2018\/04\/st-gallen-g-200x100.jpg 200w, https:\/\/swiss-soroptimist.ch\/wp-content\/uploads\/2018\/04\/st-gallen-g-400x200.jpg 400w, https:\/\/swiss-soroptimist.ch\/wp-content\/uploads\/2018\/04\/st-gallen-g-600x300.jpg 600w, https:\/\/swiss-soroptimist.ch\/wp-content\/uploads\/2018\/04\/st-gallen-g-800x400.jpg 800w, https:\/\/swiss-soroptimist.ch\/wp-content\/uploads\/2018\/04\/st-gallen-g.jpg 1100w\" sizes=\"(min-width: 2200px) 100vw, (min-width: 915px) 253px, (min-width: 824px) 337px, (min-width: 732px) 505px, (min-width: 640px) 732px, \" \/>\t\t\t<\/a>\n\t\t\t\t\t\t\t<\/div>\n<\/li>\n\t\t\t\n\t\t\t\n\t\t\t\t\t\t\t\t\t\t\t\t\t\t\t\t\t\t\t\t\t\t\t\t\t\t\t\t\t\t\t\t\t\t\t\t\t\t\t\t\t\t\t\t\t\t\t\t\t\t\t\t\t\t\t\t\t\t\t\t\t\t\t\t\t\t\t\t<\/ul>\n\t<\/div>\n\t<div class=\"fusion-post-content-wrapper\" style=\"padding:30px 25px 20px 25px;\"><div class=\"fusion-post-content post-content\"><h2 class=\"blog-shortcode-post-title entry-title\"><a href=\"https:\/\/swiss-soroptimist.ch\/fr\/si-club-st-gallen-appenzell-grenzueberschreitendes-treffen-der-bodenseeclubs\/\">SI Club St.Gallen Appenzell Grenz\u00fcberschreitendes Treffen der Bodenseeclubs<\/a><\/h2><p class=\"fusion-single-line-meta\"><span class=\"vcard\" style=\"display: none;\"><span class=\"fn\"><a href=\"https:\/\/swiss-soroptimist.ch\/fr\/author\/swso_admin\/\" title=\"Articles par swso_admin\" rel=\"author\">swso_admin<\/a><\/span><\/span><span class=\"updated\" style=\"display:none;\">2023-04-03T23:15:57+02:00<\/span><span>avril 25th, 2018<\/span><span class=\"fusion-inline-sep\">|<\/span><\/p><div class=\"fusion-content-sep sep-none\"><\/div><div class=\"fusion-post-content-container\"><\/div><\/div><div class=\"fusion-meta-info\"><div class=\"fusion-alignleft\"><a class=\"fusion-read-more\" href=\"https:\/\/swiss-soroptimist.ch\/fr\/si-club-st-gallen-appenzell-grenzueberschreitendes-treffen-der-bodenseeclubs\/\" aria-label=\"More on SI Club St.Gallen Appenzell Grenz\u00fcberschreitendes Treffen der Bodenseeclubs\">Read More<\/a><\/div><\/div><\/div><div class=\"fusion-clearfix\"><\/div><\/div>\n<\/article>\n<article id=\"blog-1-post-5519\" class=\"fusion-post-grid post-5519 post type-post status-publish format-standard has-post-thumbnail hentry category-rapports-des-clubs-2018\">\n<div class=\"fusion-post-wrapper\" style=\"background-color:rgba(255,255,255,1);border:1px solid #ebeaea;border-bottom-width:3px;\">\n\n\t\t\t<div class=\"fusion-flexslider flexslider fusion-flexslider-loading fusion-post-slideshow\" style=\"border-color:#ebeaea;\">\n\t\t<ul class=\"slides\">\n\t\t\t\n\t\t\t\t\t\t\t\t\t\t\t\t\t\t<li><div  class=\"fusion-image-wrapper\" aria-haspopup=\"true\">\n\t\t\t\t\t\t\t<a href=\"https:\/\/swiss-soroptimist.ch\/fr\/si-club-basel-liestal-3-taschenboerse-wieder-ein-grosser-erfolg\/\" aria-label=\"SI Club Basel \/ Liestal: 3. Taschenb\u00f6rse\">\n\t\t\t\t\t\t\t<img decoding=\"async\" width=\"1100\" height=\"550\" src=\"https:\/\/swiss-soroptimist.ch\/wp-content\/uploads\/2018\/04\/Basel-18.jpg\" class=\"attachment-full size-full wp-post-image\" alt=\"\" srcset=\"https:\/\/swiss-soroptimist.ch\/wp-content\/uploads\/2018\/04\/Basel-18-200x100.jpg 200w, https:\/\/swiss-soroptimist.ch\/wp-content\/uploads\/2018\/04\/Basel-18-400x200.jpg 400w, https:\/\/swiss-soroptimist.ch\/wp-content\/uploads\/2018\/04\/Basel-18-600x300.jpg 600w, https:\/\/swiss-soroptimist.ch\/wp-content\/uploads\/2018\/04\/Basel-18-800x400.jpg 800w, https:\/\/swiss-soroptimist.ch\/wp-content\/uploads\/2018\/04\/Basel-18.jpg 1100w\" sizes=\"(min-width: 2200px) 100vw, (min-width: 915px) 253px, (min-width: 824px) 337px, (min-width: 732px) 505px, (min-width: 640px) 732px, \" \/>\t\t\t<\/a>\n\t\t\t\t\t\t\t<\/div>\n<\/li>\n\t\t\t\n\t\t\t\n\t\t\t\t\t\t\t\t\t\t\t\t\t\t\t\t\t\t\t\t\t\t\t\t\t\t\t\t\t\t\t\t\t\t\t\t\t\t\t\t\t\t\t\t\t\t\t\t\t\t\t\t\t\t\t\t\t\t\t\t\t\t\t\t\t\t\t\t<\/ul>\n\t<\/div>\n\t<div class=\"fusion-post-content-wrapper\" style=\"padding:30px 25px 20px 25px;\"><div class=\"fusion-post-content post-content\"><h2 class=\"blog-shortcode-post-title entry-title\"><a href=\"https:\/\/swiss-soroptimist.ch\/fr\/si-club-basel-liestal-3-taschenboerse-wieder-ein-grosser-erfolg\/\">SI Club Basel \/ Liestal: 3. Taschenb\u00f6rse<\/a><\/h2><p class=\"fusion-single-line-meta\"><span class=\"vcard\" style=\"display: none;\"><span class=\"fn\"><a href=\"https:\/\/swiss-soroptimist.ch\/fr\/author\/swso_admin\/\" title=\"Articles par swso_admin\" rel=\"author\">swso_admin<\/a><\/span><\/span><span class=\"updated\" style=\"display:none;\">2023-04-03T23:17:32+02:00<\/span><span>avril 25th, 2018<\/span><span class=\"fusion-inline-sep\">|<\/span><\/p><div class=\"fusion-content-sep sep-none\"><\/div><div class=\"fusion-post-content-container\"><\/div><\/div><div class=\"fusion-meta-info\"><div class=\"fusion-alignleft\"><a class=\"fusion-read-more\" href=\"https:\/\/swiss-soroptimist.ch\/fr\/si-club-basel-liestal-3-taschenboerse-wieder-ein-grosser-erfolg\/\" aria-label=\"More on SI Club Basel \/ Liestal: 3. Taschenb\u00f6rse\">Read More<\/a><\/div><\/div><\/div><div class=\"fusion-clearfix\"><\/div><\/div>\n<\/article>\n<article id=\"blog-1-post-5228\" class=\"fusion-post-grid post-5228 post type-post status-publish format-standard has-post-thumbnail hentry category-rapports-des-clubs-2018\">\n<div class=\"fusion-post-wrapper\" style=\"background-color:rgba(255,255,255,1);border:1px solid #ebeaea;border-bottom-width:3px;\">\n\n\t\t\t<div class=\"fusion-flexslider flexslider fusion-flexslider-loading fusion-post-slideshow\" style=\"border-color:#ebeaea;\">\n\t\t<ul class=\"slides\">\n\t\t\t\n\t\t\t\t\t\t\t\t\t\t\t\t\t\t<li><div  class=\"fusion-image-wrapper\" aria-haspopup=\"true\">\n\t\t\t\t\t\t\t<a href=\"https:\/\/swiss-soroptimist.ch\/fr\/si-club-davos-praettigau-engiadina-und-chur-gemeinsamer-festivalbesuch\/\" aria-label=\"SI Club Davos Pr\u00e4ttigau, Engiadina und Chur:  Gemeinsamer Festivalbesuch\">\n\t\t\t\t\t\t\t<img decoding=\"async\" width=\"1100\" height=\"550\" src=\"https:\/\/swiss-soroptimist.ch\/wp-content\/uploads\/2018\/03\/SI-Davos-Praettigau.jpg\" class=\"attachment-full size-full wp-post-image\" alt=\"\" srcset=\"https:\/\/swiss-soroptimist.ch\/wp-content\/uploads\/2018\/03\/SI-Davos-Praettigau-200x100.jpg 200w, https:\/\/swiss-soroptimist.ch\/wp-content\/uploads\/2018\/03\/SI-Davos-Praettigau-400x200.jpg 400w, https:\/\/swiss-soroptimist.ch\/wp-content\/uploads\/2018\/03\/SI-Davos-Praettigau-600x300.jpg 600w, https:\/\/swiss-soroptimist.ch\/wp-content\/uploads\/2018\/03\/SI-Davos-Praettigau-800x400.jpg 800w, https:\/\/swiss-soroptimist.ch\/wp-content\/uploads\/2018\/03\/SI-Davos-Praettigau.jpg 1100w\" sizes=\"(min-width: 2200px) 100vw, (min-width: 915px) 253px, (min-width: 824px) 337px, (min-width: 732px) 505px, (min-width: 640px) 732px, \" \/>\t\t\t<\/a>\n\t\t\t\t\t\t\t<\/div>\n<\/li>\n\t\t\t\n\t\t\t\n\t\t\t\t\t\t\t\t\t\t\t\t\t\t\t\t\t\t\t\t\t\t\t\t\t\t\t\t\t\t\t\t\t\t\t\t\t\t\t\t\t\t\t\t\t\t\t\t\t\t\t\t\t\t\t\t\t\t\t\t\t\t\t\t\t\t\t\t<\/ul>\n\t<\/div>\n\t<div class=\"fusion-post-content-wrapper\" style=\"padding:30px 25px 20px 25px;\"><div class=\"fusion-post-content post-content\"><h2 class=\"blog-shortcode-post-title entry-title\"><a href=\"https:\/\/swiss-soroptimist.ch\/fr\/si-club-davos-praettigau-engiadina-und-chur-gemeinsamer-festivalbesuch\/\">SI Club Davos Pr\u00e4ttigau, Engiadina und Chur:  Gemeinsamer Festivalbesuch<\/a><\/h2><p class=\"fusion-single-line-meta\"><span class=\"vcard\" style=\"display: none;\"><span class=\"fn\"><a href=\"https:\/\/swiss-soroptimist.ch\/fr\/author\/swso_admin\/\" title=\"Articles par swso_admin\" rel=\"author\">swso_admin<\/a><\/span><\/span><span class=\"updated\" style=\"display:none;\">2023-04-03T23:19:09+02:00<\/span><span>mars 18th, 2018<\/span><span class=\"fusion-inline-sep\">|<\/span><\/p><div class=\"fusion-content-sep sep-none\"><\/div><div class=\"fusion-post-content-container\"><\/div><\/div><div class=\"fusion-meta-info\"><div class=\"fusion-alignleft\"><a class=\"fusion-read-more\" href=\"https:\/\/swiss-soroptimist.ch\/fr\/si-club-davos-praettigau-engiadina-und-chur-gemeinsamer-festivalbesuch\/\" aria-label=\"More on SI Club Davos Pr\u00e4ttigau, Engiadina und Chur:  Gemeinsamer Festivalbesuch\">Read More<\/a><\/div><\/div><\/div><div class=\"fusion-clearfix\"><\/div><\/div>\n<\/article>\n<article id=\"blog-1-post-5219\" class=\"fusion-post-grid post-5219 post type-post status-publish format-standard has-post-thumbnail hentry category-rapports-des-clubs-2018\">\n<div class=\"fusion-post-wrapper\" style=\"background-color:rgba(255,255,255,1);border:1px solid #ebeaea;border-bottom-width:3px;\">\n\n\t\t\t<div class=\"fusion-flexslider flexslider fusion-flexslider-loading fusion-post-slideshow\" style=\"border-color:#ebeaea;\">\n\t\t<ul class=\"slides\">\n\t\t\t\n\t\t\t\t\t\t\t\t\t\t\t\t\t\t<li><div  class=\"fusion-image-wrapper\" aria-haspopup=\"true\">\n\t\t\t\t\t\t\t<a href=\"https:\/\/swiss-soroptimist.ch\/fr\/gemeinsame-spende-nach-dem-bergsturz-von-bondo\/\" aria-label=\"SI Club Engiadina: Gemeinsame Spende nach dem Bergsturz von Bondo\">\n\t\t\t\t\t\t\t<img decoding=\"async\" width=\"1100\" height=\"550\" src=\"https:\/\/swiss-soroptimist.ch\/wp-content\/uploads\/2018\/03\/Engiadina-ssd.jpg\" class=\"attachment-full size-full wp-post-image\" alt=\"\" srcset=\"https:\/\/swiss-soroptimist.ch\/wp-content\/uploads\/2018\/03\/Engiadina-ssd-200x100.jpg 200w, https:\/\/swiss-soroptimist.ch\/wp-content\/uploads\/2018\/03\/Engiadina-ssd-400x200.jpg 400w, https:\/\/swiss-soroptimist.ch\/wp-content\/uploads\/2018\/03\/Engiadina-ssd-600x300.jpg 600w, https:\/\/swiss-soroptimist.ch\/wp-content\/uploads\/2018\/03\/Engiadina-ssd-800x400.jpg 800w, https:\/\/swiss-soroptimist.ch\/wp-content\/uploads\/2018\/03\/Engiadina-ssd.jpg 1100w\" sizes=\"(min-width: 2200px) 100vw, (min-width: 915px) 253px, (min-width: 824px) 337px, (min-width: 732px) 505px, (min-width: 640px) 732px, \" \/>\t\t\t<\/a>\n\t\t\t\t\t\t\t<\/div>\n<\/li>\n\t\t\t\n\t\t\t\n\t\t\t\t\t\t\t\t\t\t\t\t\t\t\t\t\t\t\t\t\t\t\t\t\t\t\t\t\t\t\t\t\t\t\t\t\t\t\t\t\t\t\t\t\t\t\t\t\t\t\t\t\t\t\t\t\t\t\t\t\t\t\t\t\t\t\t\t<\/ul>\n\t<\/div>\n\t<div class=\"fusion-post-content-wrapper\" style=\"padding:30px 25px 20px 25px;\"><div class=\"fusion-post-content post-content\"><h2 class=\"blog-shortcode-post-title entry-title\"><a href=\"https:\/\/swiss-soroptimist.ch\/fr\/gemeinsame-spende-nach-dem-bergsturz-von-bondo\/\">SI Club Engiadina: Gemeinsame Spende nach dem Bergsturz von Bondo<\/a><\/h2><p class=\"fusion-single-line-meta\"><span class=\"vcard\" style=\"display: none;\"><span class=\"fn\"><a href=\"https:\/\/swiss-soroptimist.ch\/fr\/author\/swso_admin\/\" title=\"Articles par swso_admin\" rel=\"author\">swso_admin<\/a><\/span><\/span><span class=\"updated\" style=\"display:none;\">2023-04-03T23:20:53+02:00<\/span><span>mars 18th, 2018<\/span><span class=\"fusion-inline-sep\">|<\/span><\/p><div class=\"fusion-content-sep sep-none\"><\/div><div class=\"fusion-post-content-container\"><\/div><\/div><div class=\"fusion-meta-info\"><div class=\"fusion-alignleft\"><a class=\"fusion-read-more\" href=\"https:\/\/swiss-soroptimist.ch\/fr\/gemeinsame-spende-nach-dem-bergsturz-von-bondo\/\" aria-label=\"More on SI Club Engiadina: Gemeinsame Spende nach dem Bergsturz von Bondo\">Read More<\/a><\/div><\/div><\/div><div class=\"fusion-clearfix\"><\/div><\/div>\n<\/article>\n<article id=\"blog-1-post-4966\" class=\"fusion-post-grid post-4966 post type-post status-publish format-standard has-post-thumbnail hentry category-rapports-des-clubs-2018\">\n<div class=\"fusion-post-wrapper\" style=\"background-color:rgba(255,255,255,1);border:1px solid #ebeaea;border-bottom-width:3px;\">\n\n\t\t\t<div class=\"fusion-flexslider flexslider fusion-flexslider-loading fusion-post-slideshow\" style=\"border-color:#ebeaea;\">\n\t\t<ul class=\"slides\">\n\t\t\t\n\t\t\t\t\t\t\t\t\t\t\t\t\t\t<li><div  class=\"fusion-image-wrapper\" aria-haspopup=\"true\">\n\t\t\t\t\t\t\t<a href=\"https:\/\/swiss-soroptimist.ch\/fr\/nepal-2\/\" aria-label=\"Schule und Toiletten in Thade | Nepal\">\n\t\t\t\t\t\t\t<img decoding=\"async\" width=\"1100\" height=\"550\" src=\"https:\/\/swiss-soroptimist.ch\/wp-content\/uploads\/2018\/02\/Nepal-2018.jpg\" class=\"attachment-full size-full wp-post-image\" alt=\"\" srcset=\"https:\/\/swiss-soroptimist.ch\/wp-content\/uploads\/2018\/02\/Nepal-2018-200x100.jpg 200w, https:\/\/swiss-soroptimist.ch\/wp-content\/uploads\/2018\/02\/Nepal-2018-400x200.jpg 400w, https:\/\/swiss-soroptimist.ch\/wp-content\/uploads\/2018\/02\/Nepal-2018-600x300.jpg 600w, https:\/\/swiss-soroptimist.ch\/wp-content\/uploads\/2018\/02\/Nepal-2018-800x400.jpg 800w, https:\/\/swiss-soroptimist.ch\/wp-content\/uploads\/2018\/02\/Nepal-2018.jpg 1100w\" sizes=\"(min-width: 2200px) 100vw, (min-width: 915px) 253px, (min-width: 824px) 337px, (min-width: 732px) 505px, (min-width: 640px) 732px, \" \/>\t\t\t<\/a>\n\t\t\t\t\t\t\t<\/div>\n<\/li>\n\t\t\t\n\t\t\t\n\t\t\t\t\t\t\t\t\t\t\t\t\t\t\t\t\t\t\t\t\t\t\t\t\t\t\t\t\t\t\t\t\t\t\t\t\t\t\t\t\t\t\t\t\t\t\t\t\t\t\t\t\t\t\t\t\t\t\t\t\t\t\t\t\t\t\t\t<\/ul>\n\t<\/div>\n\t<div class=\"fusion-post-content-wrapper\" style=\"padding:30px 25px 20px 25px;\"><div class=\"fusion-post-content post-content\"><h2 class=\"blog-shortcode-post-title entry-title\"><a href=\"https:\/\/swiss-soroptimist.ch\/fr\/nepal-2\/\">Schule und Toiletten in Thade | Nepal<\/a><\/h2><p class=\"fusion-single-line-meta\"><span class=\"vcard\" style=\"display: none;\"><span class=\"fn\"><a href=\"https:\/\/swiss-soroptimist.ch\/fr\/author\/swso_admin\/\" title=\"Articles par swso_admin\" rel=\"author\">swso_admin<\/a><\/span><\/span><span class=\"updated\" style=\"display:none;\">2023-04-03T23:23:45+02:00<\/span><span>f\u00e9vrier 24th, 2018<\/span><span class=\"fusion-inline-sep\">|<\/span><\/p><div class=\"fusion-content-sep sep-none\"><\/div><div class=\"fusion-post-content-container\"><\/div><\/div><div class=\"fusion-meta-info\"><div class=\"fusion-alignleft\"><a class=\"fusion-read-more\" href=\"https:\/\/swiss-soroptimist.ch\/fr\/nepal-2\/\" aria-label=\"More on Schule und Toiletten in Thade | Nepal\">Read More<\/a><\/div><\/div><\/div><div class=\"fusion-clearfix\"><\/div><\/div>\n<\/article>\n<div class=\"fusion-clearfix\"><\/div><\/div><\/div><\/div><\/div><\/div><\/div><\/p>\n","protected":false},"excerpt":{"rendered":"","protected":false},"author":2,"featured_media":19212,"comment_status":"open","ping_status":"closed","sticky":false,"template":"","format":"standard","meta":{"footnotes":""},"categories":[148],"tags":[],"class_list":["post-19214","post","type-post","status-publish","format-standard","has-post-thumbnail","hentry","category-c-2018-f"],"_links":{"self":[{"href":"https:\/\/swiss-soroptimist.ch\/fr\/wp-json\/wp\/v2\/posts\/19214","targetHints":{"allow":["GET"]}}],"collection":[{"href":"https:\/\/swiss-soroptimist.ch\/fr\/wp-json\/wp\/v2\/posts"}],"about":[{"href":"https:\/\/swiss-soroptimist.ch\/fr\/wp-json\/wp\/v2\/types\/post"}],"author":[{"embeddable":true,"href":"https:\/\/swiss-soroptimist.ch\/fr\/wp-json\/wp\/v2\/users\/2"}],"replies":[{"embeddable":true,"href":"https:\/\/swiss-soroptimist.ch\/fr\/wp-json\/wp\/v2\/comments?post=19214"}],"version-history":[{"count":2,"href":"https:\/\/swiss-soroptimist.ch\/fr\/wp-json\/wp\/v2\/posts\/19214\/revisions"}],"predecessor-version":[{"id":19216,"href":"https:\/\/swiss-soroptimist.ch\/fr\/wp-json\/wp\/v2\/posts\/19214\/revisions\/19216"}],"wp:featuredmedia":[{"embeddable":true,"href":"https:\/\/swiss-soroptimist.ch\/fr\/wp-json\/wp\/v2\/media\/19212"}],"wp:attachment":[{"href":"https:\/\/swiss-soroptimist.ch\/fr\/wp-json\/wp\/v2\/media?parent=19214"}],"wp:term":[{"taxonomy":"category","embeddable":true,"href":"https:\/\/swiss-soroptimist.ch\/fr\/wp-json\/wp\/v2\/categories?post=19214"},{"taxonomy":"post_tag","embeddable":true,"href":"https:\/\/swiss-soroptimist.ch\/fr\/wp-json\/wp\/v2\/tags?post=19214"}],"curies":[{"name":"wp","href":"https:\/\/api.w.org\/{rel}","templated":true}]}}