{"id":1513,"date":"2016-04-21T14:42:56","date_gmt":"2016-04-21T12:42:56","guid":{"rendered":"https:\/\/swiss-soroptimist.ch\/fr\/2016\/04\/21\/soroptimist-schneewochenende-im-engadin\/"},"modified":"2023-04-13T20:44:01","modified_gmt":"2023-04-13T18:44:01","slug":"soroptimist-schneewochenende-im-engadin","status":"publish","type":"post","link":"https:\/\/swiss-soroptimist.ch\/fr\/soroptimist-schneewochenende-im-engadin\/","title":{"rendered":"Soroptimist Schneewochenende im Engadin"},"content":{"rendered":"<p><div class=\"fusion-fullwidth fullwidth-box fusion-builder-row-1 nonhundred-percent-fullwidth non-hundred-percent-height-scrolling\" style=\"--awb-background-position:left top;--awb-border-sizes-top:0px;--awb-border-sizes-bottom:0px;--awb-border-sizes-left:0px;--awb-border-sizes-right:0px;--awb-border-radius-top-left:0px;--awb-border-radius-top-right:0px;--awb-border-radius-bottom-right:0px;--awb-border-radius-bottom-left:0px;--awb-padding-top:20px;--awb-padding-bottom:20px;--awb-flex-wrap:wrap;\" ><div class=\"fusion-builder-row fusion-row\"><div class=\"fusion-layout-column fusion_builder_column fusion-builder-column-0 fusion_builder_column_1_1 1_1 fusion-one-full fusion-column-first fusion-column-last fusion-column-no-min-height\" style=\"--awb-bg-size:cover;--awb-margin-bottom:0px;\"><div class=\"fusion-column-wrapper fusion-flex-column-wrapper-legacy\"><div class=\"fusion-image-carousel fusion-image-carousel-auto fusion-image-carousel-1\"><div class=\"awb-carousel awb-swiper awb-swiper-carousel awb-carousel--carousel awb-swiper-dots-position-bottom\" data-layout=\"carousel\" data-autoplay=\"yes\" data-autoplayspeed=\"5500\" data-autoplaypause=\"no\" data-columns=\"1\" data-columnsmedium=\"1\" data-columnssmall=\"1\" data-itemmargin=\"13\" data-itemwidth=\"180\" data-touchscroll=\"drag\" data-freemode=\"no\" data-imagesize=\"auto\" data-scrollitems=\"0\" data-centeredslides=\"no\" data-rotationangle=\"50\" data-depth=\"100\" data-speed=\"500\" data-shadow=\"no\" data-pagination=\"bullets\" style=\"--awb-columns:1;\"><div class=\"swiper-wrapper awb-image-carousel-wrapper fusion-flex-align-items-center\"><div class=\"swiper-slide\"><div class=\"fusion-carousel-item-wrapper\"><div class=\"fusion-image-wrapper hover-type-none\"><img decoding=\"async\" width=\"1100\" height=\"550\" src=\"https:\/\/swiss-soroptimist.ch\/wp-content\/uploads\/2016\/04\/ski-g.jpg\" class=\"attachment-full size-full\" alt=\"\" srcset=\"https:\/\/swiss-soroptimist.ch\/wp-content\/uploads\/2016\/04\/ski-g-300x150.jpg 300w, https:\/\/swiss-soroptimist.ch\/wp-content\/uploads\/2016\/04\/ski-g-500x250.jpg 500w, https:\/\/swiss-soroptimist.ch\/wp-content\/uploads\/2016\/04\/ski-g-1024x512.jpg 1024w, https:\/\/swiss-soroptimist.ch\/wp-content\/uploads\/2016\/04\/ski-g.jpg 1100w\" sizes=\"(max-width: 1100px) 100vw, 1100px\" \/><\/div><\/div><\/div><\/div><div class=\"awb-swiper-button awb-swiper-button-prev\"><i class=\"awb-icon-angle-left\" aria-hidden=\"true\"><\/i><\/div><div class=\"awb-swiper-button awb-swiper-button-next\"><i class=\"awb-icon-angle-right\" aria-hidden=\"true\"><\/i><\/div><\/div><\/div><div class=\"fusion-clearfix\"><\/div><\/div><\/div><\/div><\/div><div class=\"fusion-fullwidth fullwidth-box fusion-builder-row-2 hundred-percent-fullwidth non-hundred-percent-height-scrolling\" style=\"--awb-border-radius-top-left:0px;--awb-border-radius-top-right:0px;--awb-border-radius-bottom-right:0px;--awb-border-radius-bottom-left:0px;--awb-overflow:visible;--awb-flex-wrap:wrap;\" ><div class=\"fusion-builder-row fusion-row\"><div class=\"fusion-layout-column fusion_builder_column fusion-builder-column-1 fusion_builder_column_1_1 1_1 fusion-one-full fusion-column-first fusion-column-last\" style=\"--awb-bg-size:cover;\"><div class=\"fusion-column-wrapper fusion-flex-column-wrapper-legacy\"><div class=\"fusion-text fusion-text-1\"><p><strong>Sorop International Club Engiadina<br \/>\n<\/strong>Soroptimist Schneewochenende vom Freitag\/Samstag 18.\/19. M\u00e4rz 2016<\/p>\n<p>&nbsp;<\/p>\n<h4><strong>Das 6. Soroptimist Schneewochenende organisiert vom Club Engiadina war wiederum ein toller Erfolg \u2013 f\u00fcr die Skifahrerinnen, die Kulturinteressierten und die Geniesserinnen. <\/strong><\/h4>\n<p>Gut gelaunt versammelten sich am Freitagabend alle Teilnehmerinnen im Hotel Mysanus in Samedan. Dort gab es ein leichtes Abendessen mit selbst gemachten Sorop-Desserts. Bekannte und neue Frauen aus anderen Clubs stimmten sich fr\u00f6hlich auf das Programm vom morgigen Tag ein.<\/p>\n<p>Bei strahlendem Sonnenschein, sehr guten Schneeverh\u00e4ltnissen und unter der kundigen F\u00fchrung von Esther Rauch und Karin Herwig Merz fuhr die Gruppe Skisafari mit dem Bus bis zur Talstation Furtschellas in Sils. Dort begann die Skisafari. \u00dcber das Skigebiet Corvatsch und die Talabfahrt Hahnensee ging es zur Talstation Signal ins Skigebiet Corviglia\/Marguns.<\/p>\n<p>Die zweite Skigruppe besuchte das Damen Weltcuprennen auf Corviglia und fuhr dort fleissig Ski. Begleitet wurden diese Damen von Fr\u00e4nzi Zehner.<\/p>\n<p>Um die Mittagszeit trafen sich beide Skigruppen f\u00fcr ein feines Mittagessen auf der Chamanna Saluver im Skigebiet Marguns. Karin Vitalini und Silvan Badertscher kochten eine nahrhafte Gerstensuppe und hatten k\u00f6stliche Kuchen mitgebracht.\u00a0Die Sonne zeigte sich von ihrer besten Seite, so dass alle draussen an den Tischen und B\u00e4nken vor der H\u00fctte essen konnten.<\/p>\n<p>Die nicht weniger sportliche Gruppe Kulturprogramm nahm den gleichen Bus in Richtung Sils, begleitet von Annatina Rutschmann und Heidi Badertscher<strong><em>.<\/em><\/strong> Zuerst standen die Besichtigung und eine F\u00fchrung im Nietzsche-Haus auf dem Programm. Dr. Mirella Carbone, wissenschaftliche Mitarbeiterin, wusste viel Informatives und Spannendes zu erz\u00e4hlen.<\/p>\n<p>Im historischen Hotel Waldhaus gab es anschliessend ein ausgezeichnetes Mittagessen. Nach dem Lunch genossen die Damen eine interessante F\u00fchrung durch das Hotel mit unterhaltsamen Berichten von Herrn Claudio Dietrich, Leitung Hotel Waldhaus.<\/p>\n<p>Abends trafen sich alle Damen im Hotel Donatz in Samedan f\u00fcr das gemeinsame Abendessen. Alle genossen den Abend mit gutem Essen, herzlichen Begegnungen, aufschlussreichen Gespr\u00e4chen von Amtstr\u00e4gerin zu Amtstr\u00e4gerin. Die Begeisterung \u00fcber das gelungene Schneewochenende war bei allen Sorores sehr gross und der Wunsch nach einer Wiederholung im n\u00e4chsten Jahr ebenfalls.<\/p>\n<p>Valeria Gut, Pr\u00e4sidentin Sorop Club Engiadina<\/p>\n<p>Heidi Badertscher, Administratorin Sorop Club Engiadina<\/p>\n<\/div><div class=\"fusion-clearfix\"><\/div><\/div><\/div><\/div><\/div><\/p>\n","protected":false},"excerpt":{"rendered":"","protected":false},"author":2,"featured_media":7617,"comment_status":"open","ping_status":"closed","sticky":false,"template":"","format":"standard","meta":{"footnotes":""},"categories":[151],"tags":[],"class_list":["post-1513","post","type-post","status-publish","format-standard","has-post-thumbnail","hentry","category-rapports-des-clubs-2016"],"_links":{"self":[{"href":"https:\/\/swiss-soroptimist.ch\/fr\/wp-json\/wp\/v2\/posts\/1513","targetHints":{"allow":["GET"]}}],"collection":[{"href":"https:\/\/swiss-soroptimist.ch\/fr\/wp-json\/wp\/v2\/posts"}],"about":[{"href":"https:\/\/swiss-soroptimist.ch\/fr\/wp-json\/wp\/v2\/types\/post"}],"author":[{"embeddable":true,"href":"https:\/\/swiss-soroptimist.ch\/fr\/wp-json\/wp\/v2\/users\/2"}],"replies":[{"embeddable":true,"href":"https:\/\/swiss-soroptimist.ch\/fr\/wp-json\/wp\/v2\/comments?post=1513"}],"version-history":[{"count":3,"href":"https:\/\/swiss-soroptimist.ch\/fr\/wp-json\/wp\/v2\/posts\/1513\/revisions"}],"predecessor-version":[{"id":19282,"href":"https:\/\/swiss-soroptimist.ch\/fr\/wp-json\/wp\/v2\/posts\/1513\/revisions\/19282"}],"wp:featuredmedia":[{"embeddable":true,"href":"https:\/\/swiss-soroptimist.ch\/fr\/wp-json\/wp\/v2\/media\/7617"}],"wp:attachment":[{"href":"https:\/\/swiss-soroptimist.ch\/fr\/wp-json\/wp\/v2\/media?parent=1513"}],"wp:term":[{"taxonomy":"category","embeddable":true,"href":"https:\/\/swiss-soroptimist.ch\/fr\/wp-json\/wp\/v2\/categories?post=1513"},{"taxonomy":"post_tag","embeddable":true,"href":"https:\/\/swiss-soroptimist.ch\/fr\/wp-json\/wp\/v2\/tags?post=1513"}],"curies":[{"name":"wp","href":"https:\/\/api.w.org\/{rel}","templated":true}]}}