{"id":13031,"date":"2021-08-18T22:24:20","date_gmt":"2021-08-18T20:24:20","guid":{"rendered":"https:\/\/swiss-soroptimist.ch\/?p=13031"},"modified":"2021-08-18T22:38:12","modified_gmt":"2021-08-18T20:38:12","slug":"blog-6-solidarite-avec-les-femmes-en-afghanistan","status":"publish","type":"post","link":"https:\/\/swiss-soroptimist.ch\/fr\/blog-6-solidarite-avec-les-femmes-en-afghanistan\/","title":{"rendered":"Blog 6 | SOLIDARIT\u00c9 AVEC LES FEMMES EN AFGHANISTAN"},"content":{"rendered":"<div class=\"fusion-fullwidth fullwidth-box fusion-builder-row-1 nonhundred-percent-fullwidth non-hundred-percent-height-scrolling\" style=\"--awb-border-radius-top-left:0px;--awb-border-radius-top-right:0px;--awb-border-radius-bottom-right:0px;--awb-border-radius-bottom-left:0px;--awb-flex-wrap:wrap;\" ><div class=\"fusion-builder-row fusion-row\"><div class=\"fusion-layout-column fusion_builder_column fusion-builder-column-0 fusion_builder_column_1_1 1_1 fusion-one-full fusion-column-first fusion-column-last\" style=\"--awb-bg-size:cover;--awb-margin-bottom:0px;\"><div class=\"fusion-column-wrapper fusion-flex-column-wrapper-legacy\"><div class=\"fusion-text fusion-text-1\"><p>Mercredi, 18. ao\u00fbt 2021<\/p>\n<h3><strong>SOLIDARIT\u00c9 AVEC LES FEMMES EN AFGHANISTAN<br \/>\n<\/strong><\/h3>\n<p>Kaboul, capitale de l&rsquo;Afghanistan vient de tomber aux mains des Talibans. Cela pourrait \u00eatre une p\u00e9rip\u00e9tie guerri\u00e8re de plus dans ce pays au prise avec des combats divers et vari\u00e9s depuis des d\u00e9cennies. Mais tel n&rsquo;est pas le cas pour nous Soroptimists qui nous engageons depuis 100 ans pour le droit \u00e0 l&rsquo;\u00e9ducation, pour le droit \u00e0 des choix professionnels libres, pour une vie sans violence, pour une existence dans la respect et la dignit\u00e9.<\/p>\n<p>En effet, la loi islamique qui sera r\u00e9instaur\u00e9e peut faire craindre pour la libert\u00e9 de pens\u00e9e et de choix des femmes afghanes, et c&rsquo;est ce qui nous importe en l&rsquo;occurrence. D&rsquo;ailleurs, les Afghanes engag\u00e9es ont bien senti le danger puisqu&rsquo;elles vont quitter en nombre leur pays.<\/p>\n<p>L&rsquo;Union suisse est en solidarit\u00e9 avec elles et sera d&rsquo;une mani\u00e8re ou d&rsquo;une autre \u00e0 leurs c\u00f4t\u00e9s. Elles peuvent compter sur notre efficacit\u00e9.<\/p>\n<p>Brigitte Mantilleri<\/p>\n<\/div><div class=\"fusion-button-wrapper\"><a class=\"fusion-button button-flat fusion-button-default-size button-default fusion-button-default button-1 fusion-button-default-span fusion-button-default-type\" target=\"_self\" href=\"https:\/\/swiss-soroptimist.ch\/fr\/blog-presidente-union-suisse\/\"><span class=\"fusion-button-text awb-button__text awb-button__text--default\">Retour \u00e0 la vue d&rsquo;ensemble \u00ab\u00a0Blog Pr\u00e9sidente Union Suisse\u00a0\u00bb<\/span><\/a><\/div><div class=\"fusion-sep-clear\"><\/div><div class=\"fusion-separator fusion-full-width-sep\" style=\"margin-left: auto;margin-right: auto;margin-top:30px;width:100%;\"><\/div><div class=\"fusion-sep-clear\"><\/div><div class=\"fusion-clearfix\"><\/div><\/div><\/div><\/div><\/div>\n","protected":false},"excerpt":{"rendered":"","protected":false},"author":2,"featured_media":13027,"comment_status":"open","ping_status":"closed","sticky":false,"template":"","format":"standard","meta":{"footnotes":""},"categories":[90],"tags":[],"class_list":["post-13031","post","type-post","status-publish","format-standard","has-post-thumbnail","hentry","category-blog-presidente-union-suisse"],"_links":{"self":[{"href":"https:\/\/swiss-soroptimist.ch\/fr\/wp-json\/wp\/v2\/posts\/13031","targetHints":{"allow":["GET"]}}],"collection":[{"href":"https:\/\/swiss-soroptimist.ch\/fr\/wp-json\/wp\/v2\/posts"}],"about":[{"href":"https:\/\/swiss-soroptimist.ch\/fr\/wp-json\/wp\/v2\/types\/post"}],"author":[{"embeddable":true,"href":"https:\/\/swiss-soroptimist.ch\/fr\/wp-json\/wp\/v2\/users\/2"}],"replies":[{"embeddable":true,"href":"https:\/\/swiss-soroptimist.ch\/fr\/wp-json\/wp\/v2\/comments?post=13031"}],"version-history":[{"count":5,"href":"https:\/\/swiss-soroptimist.ch\/fr\/wp-json\/wp\/v2\/posts\/13031\/revisions"}],"predecessor-version":[{"id":13037,"href":"https:\/\/swiss-soroptimist.ch\/fr\/wp-json\/wp\/v2\/posts\/13031\/revisions\/13037"}],"wp:featuredmedia":[{"embeddable":true,"href":"https:\/\/swiss-soroptimist.ch\/fr\/wp-json\/wp\/v2\/media\/13027"}],"wp:attachment":[{"href":"https:\/\/swiss-soroptimist.ch\/fr\/wp-json\/wp\/v2\/media?parent=13031"}],"wp:term":[{"taxonomy":"category","embeddable":true,"href":"https:\/\/swiss-soroptimist.ch\/fr\/wp-json\/wp\/v2\/categories?post=13031"},{"taxonomy":"post_tag","embeddable":true,"href":"https:\/\/swiss-soroptimist.ch\/fr\/wp-json\/wp\/v2\/tags?post=13031"}],"curies":[{"name":"wp","href":"https:\/\/api.w.org\/{rel}","templated":true}]}}